{"id":2866,"date":"2024-10-29T16:50:22","date_gmt":"2024-10-29T16:50:22","guid":{"rendered":"https:\/\/247stiri.ro\/index.php\/2024\/10\/29\/nicolae-ciuca-in-momentul-in-care-voi-fi-ales-presedinte-voi-lua-decizia-ca-salariul-sa-l-donez\/"},"modified":"2024-10-29T16:50:22","modified_gmt":"2024-10-29T16:50:22","slug":"nicolae-ciuca-in-momentul-in-care-voi-fi-ales-presedinte-voi-lua-decizia-ca-salariul-sa-l-donez","status":"publish","type":"post","link":"https:\/\/247stiri.ro\/index.php\/2024\/10\/29\/nicolae-ciuca-in-momentul-in-care-voi-fi-ales-presedinte-voi-lua-decizia-ca-salariul-sa-l-donez\/","title":{"rendered":"Nicolae Ciuc\u0103: \u00cen momentul \u00een care voi fi ales pre\u015fedinte, voi lua decizia ca salariul s\u0103-l donez"},"content":{"rendered":"<p>\u201eUita\u0163i-v\u0103 la averea mea, ve\u0163i vedea care este averea mea \u015fi ar trebui s\u0103 se uite ei la averile lor, \u00een condi\u0163iile \u00een care nu au semnat vreodat\u0103 condica la un serviciu\u201d, spus Nicolae Ciuc\u0103.<\/p>\n<p>\u201ePe mine n-au cu ce s\u0103 m\u0103 atace \u015fi cauta tot felul de tertipuri, tot felul de subiecte prin care s\u0103 abat\u0103 aten\u0163ia \u015fi s\u0103 duc\u0103 imaginea mea \u00een alt\u0103 direc\u0163ie. Vreau s\u0103 le spun c\u00e2t se poate de clar c\u0103 \u00een momentul \u00een care voi fi ales pre\u015fedinte, voi lua decizia ca indemniza\u0163ia sau salariu de pre\u015fedinte s\u0103-l donez Asocia\u0163iei Militarilor Veterani \u015fi Veterani cu Dizabilit\u0103\u0163i, dac\u0103 asta este problema lor\u201d, a anun\u0163at Ciuc\u0103.\u00a0<\/p>\n<p>\u201eEu nu m-am pus dup\u0103 func\u0163ii pentru bani. Uita\u0163i-v\u0103 la averea mea, ve\u0163i vedea care este averea mea \u015fi ar trebui s\u0103 se uite ei la averile lor, s\u0103 vad\u0103 ce averi au, \u00een condi\u0163iile \u00een care nu au semnat vreodat\u0103 condica la un serviciu.<\/p>","protected":false},"excerpt":{"rendered":"<p>\u201eUita\u0163i-v\u0103 la averea mea, ve\u0163i vedea care este averea mea \u015fi ar trebui s\u0103 se&hellip;<\/p>\n","protected":false},"author":0,"featured_media":2867,"comment_status":"open","ping_status":"open","sticky":false,"template":"","format":"standard","meta":{"footnotes":""},"categories":[3],"tags":[],"class_list":["post-2866","post","type-post","status-publish","format-standard","has-post-thumbnail","hentry","category-politica"],"_links":{"self":[{"href":"https:\/\/247stiri.ro\/index.php\/wp-json\/wp\/v2\/posts\/2866","targetHints":{"allow":["GET"]}}],"collection":[{"href":"https:\/\/247stiri.ro\/index.php\/wp-json\/wp\/v2\/posts"}],"about":[{"href":"https:\/\/247stiri.ro\/index.php\/wp-json\/wp\/v2\/types\/post"}],"replies":[{"embeddable":true,"href":"https:\/\/247stiri.ro\/index.php\/wp-json\/wp\/v2\/comments?post=2866"}],"version-history":[{"count":0,"href":"https:\/\/247stiri.ro\/index.php\/wp-json\/wp\/v2\/posts\/2866\/revisions"}],"wp:featuredmedia":[{"embeddable":true,"href":"https:\/\/247stiri.ro\/index.php\/wp-json\/wp\/v2\/media\/2867"}],"wp:attachment":[{"href":"https:\/\/247stiri.ro\/index.php\/wp-json\/wp\/v2\/media?parent=2866"}],"wp:term":[{"taxonomy":"category","embeddable":true,"href":"https:\/\/247stiri.ro\/index.php\/wp-json\/wp\/v2\/categories?post=2866"},{"taxonomy":"post_tag","embeddable":true,"href":"https:\/\/247stiri.ro\/index.php\/wp-json\/wp\/v2\/tags?post=2866"}],"curies":[{"name":"wp","href":"https:\/\/api.w.org\/{rel}","templated":true}]}}