{"id":2870,"date":"2024-10-29T16:50:22","date_gmt":"2024-10-29T16:50:22","guid":{"rendered":"https:\/\/247stiri.ro\/index.php\/2024\/10\/29\/noul-consiliu-general-al-capitalei-a-fost-constituit-ciuca-lasconi-si-alti-lideri-de-partide-prezenti-la-eveniment-cine-sunt-cei-care-vor-decide-soarta-bucurestenilor-in-acest-mandat\/"},"modified":"2024-10-29T16:50:22","modified_gmt":"2024-10-29T16:50:22","slug":"noul-consiliu-general-al-capitalei-a-fost-constituit-ciuca-lasconi-si-alti-lideri-de-partide-prezenti-la-eveniment-cine-sunt-cei-care-vor-decide-soarta-bucurestenilor-in-acest-mandat","status":"publish","type":"post","link":"https:\/\/247stiri.ro\/index.php\/2024\/10\/29\/noul-consiliu-general-al-capitalei-a-fost-constituit-ciuca-lasconi-si-alti-lideri-de-partide-prezenti-la-eveniment-cine-sunt-cei-care-vor-decide-soarta-bucurestenilor-in-acest-mandat\/","title":{"rendered":"Noul Consiliu General al Capitalei a fost constituit. Ciuc\u0103, Lasconi \u0219i al\u021bi lideri de partide, prezen\u021bi la eveniment. Cine sunt cei care vor decide soarta bucure\u0219tenilor \u00een acest mandat"},"content":{"rendered":"<p>La eveniment au fost prezen\u0163i liderii PNL &#8211; Nicolae Ciuc\u0103, USR &#8211; Elena Lasconi, REPER &#8211; Ramona Strugariu \u015fi Drago\u015f P\u00eeslaru, PMP &#8211; Eugen Tomac \u015fi For\u0163a Dreptei &#8211; Ludovic Orban. Nu au lipsit nici liderul USR Bucure\u015fti, europarlamentarul Vlad Voiculescu, ministrul Energiei, liberalul Sebastian Burduja, prim-vicepre\u015fedintele PNL Dan Motreanu, primarul Sectorului 6, Ciprian Ciucu, fostul primar al Sectorului 1 Clotilde Armand \u015fi fostul primar al Sectorului 2 Radu Mihaiu.Nicu\u015for Dan a preluat cel de-al doilea mandat de primar general al Capitalei, iar un num\u0103r de 50 de consilieri municipali au depus jur\u0103m\u00e2ntul de \u00eenvestire \u00een func\u0163ie.Edilul general \u015fi-a exprimat speran\u0163a ca \u00een acest mandat s\u0103 fie rezolvate &#8222;c\u00e2t mai multe dintre problemele&#8221; Capitalei. Pe de alt\u0103 parte, el a precizat c\u0103, din dincolo de lucr\u0103rile de a amenajare a spa\u0163iilor publice, asfalt\u0103ri \u015fi consolid\u0103ri, este important\u0103 &#8222;direc\u0163ia de dezvoltare&#8221; a ora\u015fului. \u00cen acest sens, primarul a reamintit c\u0103, la referendumul local din 24 noiembrie, bucure\u015ftenii vor fi invita\u0163i s\u0103 r\u0103spund\u0103 la \u00eentreb\u0103ri privind dezvoltarea urbanistic\u0103 a Capitalei \u015fi modul de \u00eemp\u0103r\u0163ire a banilor \u00eentre PMB \u015fi prim\u0103riile de sector.&#8221;Ora\u015ful are nevoie de mari lucr\u0103ri de infrastructur\u0103 pentru care nici noi, cei care \u00eencheiem azi mandatul, nici predecesorii no\u015ftri nu au avut resurse. Dac\u0103 vrei s\u0103 extinzi transportul public, dac\u0103 vrei s\u0103 schimbi autobuzele din 2005, dac\u0103 vrei s\u0103 iei metroul (\u00een administrarea PMB &#8211; n.r.), dac\u0103 vrei s\u0103 construie\u015fti un mare spital, dac\u0103 vrei \u00een parteneriat cu universit\u0103\u0163ile s\u0103 construie\u015fti noi func\u0163iuni pentru universit\u0103\u0163i, dac\u0103 vrei s\u0103 te duci s\u0103 faci mari programe educative precum combaterea consumului de droguri, ai nevoie de bani, iar PMB, de vreo 20 de ani, nu a avut banii de care e nevoie. Sunt optimist c\u0103 bucure\u015ftenii vor \u00een\u0163elege importan\u0163a acestui referendum&#8221;, a declarat edilul general.<\/p>\n<p><a title=\"Se va vorbi limba romana la renumita universitate Cambridge. Anuntul a fost facut de Ministerul Educatiei\" href=\"https:\/\/www.realitatea.net\/stiri\/actual\/se-va-vorbi-limba-romana-la-renumita-universitate-cambridge-anuntul-a-fost-facut-de-ministerul-educatiei_6720f261c9a3d85ede104169\">Se va vorbi limba rom\u00e2n\u0103 la renumita universitate Cambridge. Anun\u021bul a fost f\u0103cut de Ministerul Educa\u021biei<\/a>El a men\u0163ionat c\u0103 votul exprimat de bucure\u015fteni la alegerile locale reprezint\u0103 o dovad\u0103 a faptului c\u0103 reprezentan\u0163ii coali\u0163iei de dreapta din CGMB \u015fi primarul general &#8222;au lucrat bine&#8221;. Totodat\u0103, primarul s-a declarat \u00eencrez\u0103tor c\u0103 majoritatea de dreapta &#8222;va func\u0163iona&#8221; \u00een continuare.&#8221;Ei (bucure\u015ftenii &#8211; n.r.) au ales ca \u00een continuare s\u0103 avem o coali\u0163ie de dreapta \u00een Consiliul General al Municipiului Bucure\u015fti. Faptul c\u0103 avem \u00een sal\u0103 pre\u015fedin\u0163ii na\u0163ionali ai partidelor de dreapta, care au reprezentan\u0163i \u00een Consiliul General, este o garan\u0163ie c\u0103 aceast\u0103 majoritate de dreapta va func\u0163iona \u015fi eu sunt optimist c\u0103 rezultatele vor fi cele pe care bucure\u015ftenii le a\u015fteapt\u0103&#8221;, a spus Nicu\u015for Dan.\u015eedin\u0163a a fost condus\u0103 de Ioana Stoica (PSD), Selena Gabriela Susanu (AUR) \u015fi Alexandru Susai (PSD).Un num\u0103r de 50 de consilieri municipali, din totalul de 55, au fost valida\u0163i de instan\u0163\u0103, \u00een condi\u0163iile \u00een care din partea PSD au renun\u0163at la mandate Gabriela Firea, care a devenit europarlamentar, \u015fi primarii de sector Robert Negoi\u0163\u0103 \u015fi Daniel B\u0103lu\u0163\u0103. Nici Cristian Popescu Piedone \u015fi Vlad Popescu Piedone, ales primar al Sectorului 5, de la PUSL, nu \u015fi-au preluat mandatele de consilieri municipali. \u00cen locul acestora, urmeaz\u0103 s\u0103 fie numi\u0163i suplean\u0163i.P\u00e2n\u0103 la validarea celor cinci suplean\u0163i (trei de la PSD \u015fi doi de la PUSL), PSD va avea 13 mandate, USR &#8211; 13, PNL &#8211; 7, PUSL &#8211; 4, AUR &#8211; 5, REPER &#8211; 4, PMP &#8211; 2, For\u0163a Dreptei &#8211; 2.\u00e2<\/p>\n<p><a title=\"Roman din Spania, manager de restaurant, luat pe sus de politisti. Compatriotul vindea mancare preparata cu alimente furate\" href=\"https:\/\/www.realitatea.net\/stiri\/actual\/roman-din-spania-manager-de-restaurant-luat-pe-sus-de-politisti-compatriotul-vindea-mancare-preparata-cu-alimente-furate_6720f725c9a3d85ede10416f\">Rom\u00e2n din Spania, manager de restaurant, luat pe sus de poli\u021bi\u0219ti. Compatriotul vindea m\u00e2ncare preparat\u0103 cu alimente furate<\/a>Este vorba despre:*** PSD\u00a0&#8211; Artimon Marian, Com\u0103nici Ancu\u0163a-Sorina, Gherghiceanu Florentina, Iacob Emanuel, Kansou Alexandru-Hazem, Manciu George-Alexandru, Petrescu Elena, Popescu Dan-Cristian, Stoica Ioana, Susai Alexandru, T\u0103nase Andrei-Valentin, Turmac George-Adrian, Vigheciu Adrian-Nicolae;*** USR\u00a0&#8211; Didi\u0163\u0103 Radu-Cristian, Dinu Ionela-Gabriela, Dobrescu Daniel, Gavril Nicolae Lucian, Judele \u015etefan-Lucian, Munteanu Cristina-Simona, Nicorescu Nicorel, Radu Drago\u015f-Georgian, Reniu\u0163 Anamaria-Naomi, Sabo Bogdan-Alexandru, Sava Alexandru, Smighelschi Cosmin-Victor, Stofor \u015etefan Radu;*** PNL\u00a0&#8211; Badiu Andrei, Bujduveanu Stelian, Feroiu Dumitru-Silviu, Mardarovici Diana, Mitu R\u0103zvan-Aurel, Nicolaie George, Purc\u0103rea Sorin;*** PUSL\u00a0&#8211; Bot\u00eelc\u0103 Adrian, Chi\u0163u Florin-Robert, Jelea Bogdan-Ion, Ni\u0163u R\u0103zvan-Ionu\u0163;*** AUR\u00a0&#8211; Enache Mihai-Adrian, Geam\u0103n\u0103 Drago\u015f, Oprea \u015etefan, Stelea Niculina, Susanu (V\u00eelcu) Selena-Gabriela;*** REPER\u00a0&#8211; Boghean Ana-Maria, Cobianu Cezar-Adrian, Leonte Andreea-Iuliana, Teni\u0163\u0103 C\u0103t\u0103lin-Drago\u015f;*** PMP\u00a0&#8211; Florescu Adrian-Constantin, Florescu \u015etefan-Viorel;*** For\u0163a Dreptei\u00a0&#8211; Hiohi Albert-Lauren\u0163iu, Stan Robert.<\/p>\n<p><a title='Curtea Constitutionala a dat unda verde ,,Legii fugarilor\". Liber la incarcerarea infractorilor fugiti peste hotare pentru a scapa de justitie' href=\"https:\/\/www.realitatea.net\/stiri\/actual\/curtea-constitutionala-a-dat-unda-verde-legii-fugarilor-liber-la-incarcerarea-infractorilor-fugiti-peste-hotare-pentru-a-scapa-de-justitie_6721019c65fe71480556b647\">Curtea Constitu\u021bional\u0103 a dat und\u0103 verde \u201eLegii fugarilor\u201d. Liber la \u00eencarcerarea infractorilor fugi\u021bi peste hotare pentru a sc\u0103pa de justi\u021bie<\/a><\/p>","protected":false},"excerpt":{"rendered":"<p>La eveniment au fost prezen\u0163i liderii PNL &#8211; Nicolae Ciuc\u0103, USR &#8211; Elena Lasconi, REPER&hellip;<\/p>\n","protected":false},"author":0,"featured_media":2871,"comment_status":"open","ping_status":"open","sticky":false,"template":"","format":"standard","meta":{"footnotes":""},"categories":[2],"tags":[],"class_list":["post-2870","post","type-post","status-publish","format-standard","has-post-thumbnail","hentry","category-actual"],"_links":{"self":[{"href":"https:\/\/247stiri.ro\/index.php\/wp-json\/wp\/v2\/posts\/2870","targetHints":{"allow":["GET"]}}],"collection":[{"href":"https:\/\/247stiri.ro\/index.php\/wp-json\/wp\/v2\/posts"}],"about":[{"href":"https:\/\/247stiri.ro\/index.php\/wp-json\/wp\/v2\/types\/post"}],"replies":[{"embeddable":true,"href":"https:\/\/247stiri.ro\/index.php\/wp-json\/wp\/v2\/comments?post=2870"}],"version-history":[{"count":0,"href":"https:\/\/247stiri.ro\/index.php\/wp-json\/wp\/v2\/posts\/2870\/revisions"}],"wp:featuredmedia":[{"embeddable":true,"href":"https:\/\/247stiri.ro\/index.php\/wp-json\/wp\/v2\/media\/2871"}],"wp:attachment":[{"href":"https:\/\/247stiri.ro\/index.php\/wp-json\/wp\/v2\/media?parent=2870"}],"wp:term":[{"taxonomy":"category","embeddable":true,"href":"https:\/\/247stiri.ro\/index.php\/wp-json\/wp\/v2\/categories?post=2870"},{"taxonomy":"post_tag","embeddable":true,"href":"https:\/\/247stiri.ro\/index.php\/wp-json\/wp\/v2\/tags?post=2870"}],"curies":[{"name":"wp","href":"https:\/\/api.w.org\/{rel}","templated":true}]}}