{"id":28734,"date":"2025-02-03T14:44:51","date_gmt":"2025-02-03T14:44:51","guid":{"rendered":"https:\/\/247stiri.ro\/index.php\/2025\/02\/03\/george-simion-incepem-sesiunea-parlamentara-cu-un-protest-regimul-psd-ne-a-calcat-in-picioare-din-1989-incoace\/"},"modified":"2025-02-03T14:44:51","modified_gmt":"2025-02-03T14:44:51","slug":"george-simion-incepem-sesiunea-parlamentara-cu-un-protest-regimul-psd-ne-a-calcat-in-picioare-din-1989-incoace","status":"publish","type":"post","link":"https:\/\/247stiri.ro\/index.php\/2025\/02\/03\/george-simion-incepem-sesiunea-parlamentara-cu-un-protest-regimul-psd-ne-a-calcat-in-picioare-din-1989-incoace\/","title":{"rendered":"George Simion: \u00cencepem sesiunea parlamentar\u0103 cu un protest. Regimul PSD ne-a c\u0103lcat \u00een picioare din 1989 \u00eencoace"},"content":{"rendered":"<p>\u201e\u00cencepem sesiunea parlamentar\u0103 cu un protest fa\u021b\u0103 de regimul PSD care ne-a c\u0103lcat \u00een picioare din 1989 \u00eencoace.<\/p>\n<p>\u00cen semn de protest vom purta aceste tricouri pe tot parcursul zilei de ast\u0103zi.<\/p>\n<p>Nu, domnilor de la PSD care v\u0103 considera\u021bi st\u0103p\u00e2nii no\u0219tri, nu pute\u021bi anula alegerile \u0219i dup\u0103 s\u0103 c\u0103uta\u021bi dovezile.<\/p>\n<p>Nu este admisibil modul \u00een care a\u021bi pus m\u00e2na pe putere \u0219i \u00eencerca\u021bi s\u0103 bloca\u021bi demiterea lui Klaus Iohannis.<\/p>\n<p>\u00cen toate comisiile, AUR va vota \u00eempotriva bugetului, nu putem fi cump\u0103ra\u021bi, nici ca organiza\u021bie, nici la bucat\u0103.\u201d, a delcarat liderul suverani\u0219tilor, George Simion.<\/p>","protected":false},"excerpt":{"rendered":"<p>\u201e\u00cencepem sesiunea parlamentar\u0103 cu un protest fa\u021b\u0103 de regimul PSD care ne-a c\u0103lcat \u00een picioare&hellip;<\/p>\n","protected":false},"author":0,"featured_media":28735,"comment_status":"open","ping_status":"open","sticky":false,"template":"","format":"standard","meta":{"footnotes":""},"categories":[2],"tags":[],"class_list":["post-28734","post","type-post","status-publish","format-standard","has-post-thumbnail","hentry","category-actual"],"_links":{"self":[{"href":"https:\/\/247stiri.ro\/index.php\/wp-json\/wp\/v2\/posts\/28734","targetHints":{"allow":["GET"]}}],"collection":[{"href":"https:\/\/247stiri.ro\/index.php\/wp-json\/wp\/v2\/posts"}],"about":[{"href":"https:\/\/247stiri.ro\/index.php\/wp-json\/wp\/v2\/types\/post"}],"replies":[{"embeddable":true,"href":"https:\/\/247stiri.ro\/index.php\/wp-json\/wp\/v2\/comments?post=28734"}],"version-history":[{"count":0,"href":"https:\/\/247stiri.ro\/index.php\/wp-json\/wp\/v2\/posts\/28734\/revisions"}],"wp:featuredmedia":[{"embeddable":true,"href":"https:\/\/247stiri.ro\/index.php\/wp-json\/wp\/v2\/media\/28735"}],"wp:attachment":[{"href":"https:\/\/247stiri.ro\/index.php\/wp-json\/wp\/v2\/media?parent=28734"}],"wp:term":[{"taxonomy":"category","embeddable":true,"href":"https:\/\/247stiri.ro\/index.php\/wp-json\/wp\/v2\/categories?post=28734"},{"taxonomy":"post_tag","embeddable":true,"href":"https:\/\/247stiri.ro\/index.php\/wp-json\/wp\/v2\/tags?post=28734"}],"curies":[{"name":"wp","href":"https:\/\/api.w.org\/{rel}","templated":true}]}}