{"id":28741,"date":"2025-02-03T14:44:53","date_gmt":"2025-02-03T14:44:53","guid":{"rendered":"https:\/\/247stiri.ro\/index.php\/2025\/02\/03\/ministerul-educatiei-anunt-de-ultima-ora-pentru-elevii-de-liceu-ce-se-va-intampla-cu-istoria-si-geografia\/"},"modified":"2025-02-03T14:44:53","modified_gmt":"2025-02-03T14:44:53","slug":"ministerul-educatiei-anunt-de-ultima-ora-pentru-elevii-de-liceu-ce-se-va-intampla-cu-istoria-si-geografia","status":"publish","type":"post","link":"https:\/\/247stiri.ro\/index.php\/2025\/02\/03\/ministerul-educatiei-anunt-de-ultima-ora-pentru-elevii-de-liceu-ce-se-va-intampla-cu-istoria-si-geografia\/","title":{"rendered":"Ministerul Educa\u021biei, anun\u021b de ultim\u0103 or\u0103 pentru elevii de liceu. Ce se va \u00eent\u00e2mpla cu Istoria \u0219i Geografia"},"content":{"rendered":"<p>Bogdan Cristescu, secretar de stat \u00een cadrul Ministerului Educa\u0163iei, a declarat luni c\u0103<a href=\"https:\/\/www.realitatea.net\/stiri\/actual\/ministrul-educatiei-precizari-despre-noile-planuricadru-cine-va-stabili-numarul-de-ore-la-unele-materii-scoala-sau-ministerul_679e425128023b59f521ce22\" target=\"_blank\"> propunerile de planuri-cadru pentru liceu<\/a> nu scot discipline precum Istoria rom\u00e2nilor sau Geografia din programa \u0219colar\u0103.<\/p>\n<p>\u201dAm v\u0103zut \u00een spa\u0163ul public o abordare de tipul: nu mai este Istoria Rom\u00e2niei la clasa a XII-a \u015fi Istoria Rom\u00e2niei de clasa a XII-a se d\u0103 la Bacalaureat. Programele vor fi reorganizate, supuse dezbaterii publice \u015fi atunci implicit programa de Bacalaureat ia urma trunchiului de clasa a IX-a \u015fi clasa a X-a majoritar. (&#8230;) Dac\u0103 ne punem problema studierii Istoriei Rom\u00e2nilor \u2013 \u015fi am v\u0103zut c\u0103 \u00een spa\u0163iul public circul\u0103 informa\u0163ia c\u0103 am t\u0103iat din clasa a XII-a Istoria Rom\u00e2nilor care este pentru Bacalaureat, facem precizarea c\u0103 programa se va reorganiza conform cerin\u0163elor\u201d, a declarat Bogdan Cristescu, \u00eentr-un webinar.\u00a0<\/p>\n<p>Secretarul de stat a \u021binut s\u0103 precizeze faptul c\u0103 \u201dIstoria, ca \u015fi Geografia au un rol foarte important \u00een CS flexibil de la profilul umanist \u015fi preciz\u0103m clar c\u0103, la profilul umanist specializarea Filologie, CS flexibil \u015fi CDEO\u015e au o alocare \u00eentre 16 \u015fi 26 de ore per total liceu, iar la specializarea Filologie au o alocare \u00eentre 20 \u015fi 30 de ore per total liceu, spa\u0163iu suficient pentru a integra la oferta \u015fcolii \u015fi la decizia elevilor Istoria foarte clar particularizat\u0103\u201d.<\/p>\n<p>De asemenea, oficialul a explicat c\u0103 disciplinele Istoria Evreilor-Holocaustul \u015fi Istoria comunismului au fost introduse \u00een \u0219coli prin lege, iar propunerea de plan-cadru respect\u0103 legisla\u0163ia \u00een vigoare.<\/p>\n<p>\u201dAm v\u0103zut abordarea: s-a scos Geografia. Aceasta este o afirma\u0163ie fals\u0103. Geografia a r\u0103mas obligatorie la casa a IX-a \u015fi la clasa a X-a cu acela\u015fi num\u0103r de ore ca \u015fi p\u00e2n\u0103 acum \u015fi a trecut \u00een curriculum de specialitate la filiera teoretic\u0103 profilul umanist \u015fi profilul filologie \u015fi la filiera tehnologic\u0103. La profilul umanist \u00een clasa a IX-a \u015fi a X-a num\u0103rul de ore alocat geografiei a r\u0103mas identic cu ceea ce este acum, iar elevii interesa\u0163i de la profilul real pentru clasa a XI-a \u015fi XII-a, unde s-a diminuat cu o or\u0103, pot face acest lucru prin CDEO\u015e, geografie adaptat\u0103 intereselor lor. La filiera teoretic\u0103, profilul umanist, specializarea \u015ftiin\u0163e sociale \u00een propunere num\u0103rul de ore alocat geografiei este identic inclusiv la clasele XI-a \u015fi a XII-a cu cel din planurile cadru \u00een vigoare, iar CDEO\u015e-ul va aduce doar un plus. La specializarea Filologie, proiectele de plan-cadru chiar suplimenteaz\u0103 situa\u0163ia actual\u0103 cu c\u00e2te o or\u0103 la clasa a XI-a \u015fi a XII-a\u201d, a mai transmis reprezentantul Ministerului Educa\u021biei.\u00a0<\/p>\n<p>C\u00e2t despre statutul Limbii latine \u015fi Literaturii universale, Bogdan Cristescu a afirmat c\u0103 noile planuri-cadru propun ca profesorul s\u0103 nu mai fie \u201d\u00eencorsetat \u00eentr-o program\u0103 unic\u0103\u201d \u015fi prev\u0103d \u00eentre 16 \u015fi 26 de ore per total liceu, iar profesorii de la filologie \u015fi \u015ftiin\u0163e sociale pot propune studiul acesteia.<\/p>\n<p>\u201dSub nicio form\u0103 disciplinele nu au fost eliminate sau scoase. Ceea ce s-a intervenit: a fost scos caracterul obligatoriu, unic pentru to\u0163i elevii \u00een materie de con\u0163inuturi. Trunchiul comun este valabil pentru to\u0163i\u201d, a afirmat secretarul de stat Bogdan Cristescu.<\/p>","protected":false},"excerpt":{"rendered":"<p>Bogdan Cristescu, secretar de stat \u00een cadrul Ministerului Educa\u0163iei, a declarat luni c\u0103 propunerile de&hellip;<\/p>\n","protected":false},"author":0,"featured_media":28742,"comment_status":"open","ping_status":"open","sticky":false,"template":"","format":"standard","meta":{"footnotes":""},"categories":[2],"tags":[],"class_list":["post-28741","post","type-post","status-publish","format-standard","has-post-thumbnail","hentry","category-actual"],"_links":{"self":[{"href":"https:\/\/247stiri.ro\/index.php\/wp-json\/wp\/v2\/posts\/28741","targetHints":{"allow":["GET"]}}],"collection":[{"href":"https:\/\/247stiri.ro\/index.php\/wp-json\/wp\/v2\/posts"}],"about":[{"href":"https:\/\/247stiri.ro\/index.php\/wp-json\/wp\/v2\/types\/post"}],"replies":[{"embeddable":true,"href":"https:\/\/247stiri.ro\/index.php\/wp-json\/wp\/v2\/comments?post=28741"}],"version-history":[{"count":0,"href":"https:\/\/247stiri.ro\/index.php\/wp-json\/wp\/v2\/posts\/28741\/revisions"}],"wp:featuredmedia":[{"embeddable":true,"href":"https:\/\/247stiri.ro\/index.php\/wp-json\/wp\/v2\/media\/28742"}],"wp:attachment":[{"href":"https:\/\/247stiri.ro\/index.php\/wp-json\/wp\/v2\/media?parent=28741"}],"wp:term":[{"taxonomy":"category","embeddable":true,"href":"https:\/\/247stiri.ro\/index.php\/wp-json\/wp\/v2\/categories?post=28741"},{"taxonomy":"post_tag","embeddable":true,"href":"https:\/\/247stiri.ro\/index.php\/wp-json\/wp\/v2\/tags?post=28741"}],"curies":[{"name":"wp","href":"https:\/\/api.w.org\/{rel}","templated":true}]}}