{"id":28751,"date":"2025-02-03T15:47:47","date_gmt":"2025-02-03T15:47:47","guid":{"rendered":"https:\/\/247stiri.ro\/index.php\/2025\/02\/03\/incep-concedierile-si-la-senat-institutia-a-adoptat-reorganizarea-posturilor-bolojan-va-asigur-ca-aceasta-institutie-va-functiona-cel-putin-la-fel-de-bine\/"},"modified":"2025-02-03T15:47:47","modified_gmt":"2025-02-03T15:47:47","slug":"incep-concedierile-si-la-senat-institutia-a-adoptat-reorganizarea-posturilor-bolojan-va-asigur-ca-aceasta-institutie-va-functiona-cel-putin-la-fel-de-bine","status":"publish","type":"post","link":"https:\/\/247stiri.ro\/index.php\/2025\/02\/03\/incep-concedierile-si-la-senat-institutia-a-adoptat-reorganizarea-posturilor-bolojan-va-asigur-ca-aceasta-institutie-va-functiona-cel-putin-la-fel-de-bine\/","title":{"rendered":"\u00cencep concedierile \u0219i la Senat. Institu\u021bia a adoptat reorganizarea posturilor. Bolojan: V\u0103 asigur c\u0103 aceast\u0103 institu\u0163ie va func\u0163iona cel pu\u0163in la fel de bine"},"content":{"rendered":"<p>\u201dAceast\u0103 propunere redimensioneaz\u0103 aparatul Senatului, rezolv\u00e2nd c\u00e2teva probleme: reduce personalul de pe l\u00e2ng\u0103 cabinetele demnitarilor, reduce personalul de pe l\u00e2ng\u0103 grupurile parlamentare, printr-o norm\u0103 mai mare fa\u0163\u0103 de ceea ce era ini\u0163ial, respect\u0103 un principiu \u015fi anume c\u0103 cei care vin cu un demnitar pleac\u0103 cu el. Aceasta este o chestiune corect\u0103, care se \u00eent\u00e2mpl\u0103 peste tot \u015fi deci acest principiu va fi respectat \u00een propor\u0163ie de 70%, a\u015fa cum rezult\u0103 din Memorandumul care a fost aprobat\u201d, a spus pre\u015fedintele Senatului, \u00een plen.\u00a0<\/p>\n<p>Ilie Bolojan a mai ar\u0103tat c\u0103 proiectul dimensioneaz\u0103 \u00een mod corect personalul de pe l\u00e2ng\u0103 comisii \u00een func\u0163ie de volumul de activitate \u015fi din aparatul tehnic al Senatului.<\/p>\n<p>\u201d\u00cen condi\u0163iile \u00een care acest proiect va fi adoptat, va urma ca Biroul Permanent s\u0103 aib\u0103 dou\u0103 materiale, statul de func\u0163ii pe care \u00eel vor \u00eentocmi direc\u0163iile, \u00een a\u015fa fel \u00eenc\u00e2t ei s\u0103 stabileasc\u0103 exact unde \u015fi cum s\u0103 face reducerea \u00een anvelopa care va fi alocat\u0103 \u015fi de asemenea metodologia de concurs, \u00een a\u015fa fel \u00eenc\u00e2t concursurile s\u0103 se desf\u0103\u015foare \u00een mod corect, iar oamenii profesioni\u015fti s\u0103 r\u0103m\u00e2n\u0103, astfel \u00eenc\u00e2t activitatea Senatului s\u0103 nu aib\u0103 cu nimic de suferit. Din experien\u0163a pe care am avut-o, v\u0103 asigur, ve\u0163i constata c\u0103 \u015fi aceast\u0103 institu\u0163ie va func\u0163iona cel pu\u0163in la fel de bine, dar cu un personal calcular corect. Din respect pentru banii publici \u015fi pentru buna func\u0163ionare\u201d, a mai spus Bolojan.<\/p>\n<p>Pre\u015fedintele Senatului a men\u0163ionat c\u0103, \u00een ceea ce prive\u015fte chestiunile legate de reformarea a unor institu\u0163ii, a convenit cu conducerea Camerei Deputa\u0163ilor s\u0103 formeze un grup de lucru.<\/p>\n<p>\u201d\u00cen perioada urm\u0103toare vom asuma responsabilit\u0103\u0163i \u00een a\u015fa fel \u00eenc\u00e2t grupuri de lucru de la Camera Deputa\u0163ilor \u015fi de la Senat s\u0103 vin\u0103 cu propuneri pentru ca institu\u0163iile care sunt \u00een coordonarea Parlamentului s\u0103 fie \u015fi ele supuse unui proces de auditare \u015fi de eficien\u0163\u0103. Acest lucru v\u0103 va da libertatea fiec\u0103ruia dintre dumneavoastr\u0103 s\u0103 participa\u0163i cu propuneri\u201d, a completat Ilie Bolojan.<\/p>","protected":false},"excerpt":{"rendered":"<p>\u201dAceast\u0103 propunere redimensioneaz\u0103 aparatul Senatului, rezolv\u00e2nd c\u00e2teva probleme: reduce personalul de pe l\u00e2ng\u0103 cabinetele demnitarilor,&hellip;<\/p>\n","protected":false},"author":0,"featured_media":28752,"comment_status":"open","ping_status":"open","sticky":false,"template":"","format":"standard","meta":{"footnotes":""},"categories":[2],"tags":[],"class_list":["post-28751","post","type-post","status-publish","format-standard","has-post-thumbnail","hentry","category-actual"],"_links":{"self":[{"href":"https:\/\/247stiri.ro\/index.php\/wp-json\/wp\/v2\/posts\/28751","targetHints":{"allow":["GET"]}}],"collection":[{"href":"https:\/\/247stiri.ro\/index.php\/wp-json\/wp\/v2\/posts"}],"about":[{"href":"https:\/\/247stiri.ro\/index.php\/wp-json\/wp\/v2\/types\/post"}],"replies":[{"embeddable":true,"href":"https:\/\/247stiri.ro\/index.php\/wp-json\/wp\/v2\/comments?post=28751"}],"version-history":[{"count":0,"href":"https:\/\/247stiri.ro\/index.php\/wp-json\/wp\/v2\/posts\/28751\/revisions"}],"wp:featuredmedia":[{"embeddable":true,"href":"https:\/\/247stiri.ro\/index.php\/wp-json\/wp\/v2\/media\/28752"}],"wp:attachment":[{"href":"https:\/\/247stiri.ro\/index.php\/wp-json\/wp\/v2\/media?parent=28751"}],"wp:term":[{"taxonomy":"category","embeddable":true,"href":"https:\/\/247stiri.ro\/index.php\/wp-json\/wp\/v2\/categories?post=28751"},{"taxonomy":"post_tag","embeddable":true,"href":"https:\/\/247stiri.ro\/index.php\/wp-json\/wp\/v2\/tags?post=28751"}],"curies":[{"name":"wp","href":"https:\/\/api.w.org\/{rel}","templated":true}]}}