{"id":28754,"date":"2025-02-03T15:47:48","date_gmt":"2025-02-03T15:47:48","guid":{"rendered":"https:\/\/247stiri.ro\/index.php\/2025\/02\/03\/vecinul-lui-david-popovici-face-pe-nestiutorul-dupa-ce-a-fost-amenintat-cu-ordinul-de-protectie-nu-am-nimic-cu-el-tatal-lui-s-a-luat-de-mine\/"},"modified":"2025-02-03T15:47:48","modified_gmt":"2025-02-03T15:47:48","slug":"vecinul-lui-david-popovici-face-pe-nestiutorul-dupa-ce-a-fost-amenintat-cu-ordinul-de-protectie-nu-am-nimic-cu-el-tatal-lui-s-a-luat-de-mine","status":"publish","type":"post","link":"https:\/\/247stiri.ro\/index.php\/2025\/02\/03\/vecinul-lui-david-popovici-face-pe-nestiutorul-dupa-ce-a-fost-amenintat-cu-ordinul-de-protectie-nu-am-nimic-cu-el-tatal-lui-s-a-luat-de-mine\/","title":{"rendered":"Vecinul lui David Popovici face pe ne\u0219tiutorul, dup\u0103 ce a fost amenin\u021bat cu ordinul de protec\u021bie: \u201eNu am nimic cu el. Tat\u0103l lui s-a luat de mine\u201d"},"content":{"rendered":"<p>B\u0103rbatul de 70 de ani care locuie\u015fte deasupra apartamentului lui David Popovici a declarat la ie\u015firea de la Tribunal c\u0103 nici nu \u015ftie ce ma\u015fin\u0103 are Popovici, afirm\u00e2nd c\u0103 totul a pornit de la o disput\u0103 avut\u0103 cu tat\u0103l campionului olimpic.<\/p>\n<p>Declara\u0163iile vecinului lui David Popovici<\/p>\n<p>\u201eNu am nimic cu el. Care e problema? Nu am nimic cu b\u0103iatul. Care ma\u015fin\u0103, domnule, nici nu \u015ftiu ce ma\u015fin\u0103 are. Tat\u0103l lui s-a luat de mine. Am un c\u0103\u0163el. \u015ei a zis s\u0103 \u00eel trimit la ad\u0103post. Cum s\u0103-l trimit? Ce s\u0103 mai vorbesc? Nu l-am amenin\u0163at\u201d,\u00a0a spus vecinul lui Popovici.<\/p>\n<p>De cealalt\u0103 parte, Popovici s-a sim\u0163it \u00een pericol \u015fi a dorit ca violen\u0163a s\u0103 nu devin\u0103 una fizic\u0103. Asta a dus la emiterea unui ordin de protec\u0163ie \u00eempotriva vecinului.<\/p>\n<p>\u201eDa, mi s-a p\u0103rut urm\u0103torul pas natural pe care \u00eel puteam face. Numai timpul ne va spune (n.r. \u2013 dac\u0103 se va lini\u015fti vecinul). Noi suntem de p\u0103rere c\u0103 nu \u015fi pentru ca violen\u0163a s\u0103 nu escaladeze de la una verbal\u0103 la una fizic\u0103, suntem aici\u201d,\u00a0a spus David Popovici, ia ie\u015firea de la Tribunal.<\/p>","protected":false},"excerpt":{"rendered":"<p>B\u0103rbatul de 70 de ani care locuie\u015fte deasupra apartamentului lui David Popovici a declarat la&hellip;<\/p>\n","protected":false},"author":0,"featured_media":28755,"comment_status":"open","ping_status":"open","sticky":false,"template":"","format":"standard","meta":{"footnotes":""},"categories":[2],"tags":[],"class_list":["post-28754","post","type-post","status-publish","format-standard","has-post-thumbnail","hentry","category-actual"],"_links":{"self":[{"href":"https:\/\/247stiri.ro\/index.php\/wp-json\/wp\/v2\/posts\/28754","targetHints":{"allow":["GET"]}}],"collection":[{"href":"https:\/\/247stiri.ro\/index.php\/wp-json\/wp\/v2\/posts"}],"about":[{"href":"https:\/\/247stiri.ro\/index.php\/wp-json\/wp\/v2\/types\/post"}],"replies":[{"embeddable":true,"href":"https:\/\/247stiri.ro\/index.php\/wp-json\/wp\/v2\/comments?post=28754"}],"version-history":[{"count":0,"href":"https:\/\/247stiri.ro\/index.php\/wp-json\/wp\/v2\/posts\/28754\/revisions"}],"wp:featuredmedia":[{"embeddable":true,"href":"https:\/\/247stiri.ro\/index.php\/wp-json\/wp\/v2\/media\/28755"}],"wp:attachment":[{"href":"https:\/\/247stiri.ro\/index.php\/wp-json\/wp\/v2\/media?parent=28754"}],"wp:term":[{"taxonomy":"category","embeddable":true,"href":"https:\/\/247stiri.ro\/index.php\/wp-json\/wp\/v2\/categories?post=28754"},{"taxonomy":"post_tag","embeddable":true,"href":"https:\/\/247stiri.ro\/index.php\/wp-json\/wp\/v2\/tags?post=28754"}],"curies":[{"name":"wp","href":"https:\/\/api.w.org\/{rel}","templated":true}]}}