{"id":28758,"date":"2025-02-03T15:47:49","date_gmt":"2025-02-03T15:47:49","guid":{"rendered":"https:\/\/247stiri.ro\/index.php\/2025\/02\/03\/bogdan-cristescu-ministerul-educatiei-dupa-implementarea-noilor-planuri-cadru-numarul-de-norme-ramane-constant-sau-chiar-creste\/"},"modified":"2025-02-03T15:47:49","modified_gmt":"2025-02-03T15:47:49","slug":"bogdan-cristescu-ministerul-educatiei-dupa-implementarea-noilor-planuri-cadru-numarul-de-norme-ramane-constant-sau-chiar-creste","status":"publish","type":"post","link":"https:\/\/247stiri.ro\/index.php\/2025\/02\/03\/bogdan-cristescu-ministerul-educatiei-dupa-implementarea-noilor-planuri-cadru-numarul-de-norme-ramane-constant-sau-chiar-creste\/","title":{"rendered":"Bogdan Cristescu (Ministerul Educa\u0163iei): Dup\u0103 implementarea noilor planuri-cadru, num\u0103rul de norme r\u0103m\u00e2ne constant sau chiar cre\u015fte"},"content":{"rendered":"<p>\u201dAu fost \u00eengrijor\u0103ri legate de norme. Noi am transmis de la bun \u00eenceput faptul c\u0103, \u00een urma analizei pe care am f\u0103cut-o, num\u0103rul de norme r\u0103m\u00e2ne constant sau chiar cre\u015fte.\u00a0Nu major, vorbim de procente de sub 5%, dar r\u0103m\u00e2ne la fel \u015fi chiar cre\u015fte. Mai mult, articolul 208 din lege prevede faptul c\u0103 \u00een norma didactic\u0103 se pot include \u015fi ore de preg\u0103tire pentru examenele na\u0163ionale, \u015fi ore de performan\u0163\u0103, \u015fi ore de educa\u0163ie remedial\u0103, precum \u015fi alte activit\u0103\u0163i complementare procesului de \u00eenv\u0103\u0163\u0103m\u00e2nt, iar acest lucru trebuie luat \u00een considerare pentru c\u0103 va aduce un plus fa\u0163\u0103 de ceea ce am estimat noi c\u0103 va r\u0103m\u00e2ne constant sau chiar va cre\u015fte\u201d, a afirmat secretarul de stat din Ministerul Educa\u0163iei Bogdan Cristescu, \u00een cadrul unui webinar sus\u0163inut luni.\u00a0\u00a0El a precizat c\u0103 \u015fi reducerea num\u0103rului de elevi la clase, care are ca urmare \u201dcre\u015fterea num\u0103rului de efective de elevi\u201d, duce la cre\u015fterea num\u0103rului de norme pentru cadrele didactice.\u00a0\u00a0\u201dA\u015fa cum \u015fti\u0163i, pentru \u00eenceputul anului \u015fcolar urm\u0103tor este avut\u0103 \u00een vedere o reducere a num\u0103rului de elevi din clasele de liceu\u201d, a ad\u0103ugat reprezentantul Ministerului Educa\u0163iei \u015fi Cercet\u0103rii.\u00a0\u201dEstimarea noastr\u0103 pe norme arat\u0103 c\u0103 num\u0103rul de norme va cre\u015fte, deci sub nicio form\u0103 nu vor fi f\u0103cute economii. Chiar \u00een educa\u0163ie se vor face investi\u0163ii\u201d, a r\u0103spuns el unei persoane care a transmis institu\u0163iei c\u0103 vrea s\u0103 fac\u0103 economi prin \u201dt\u0103ieri din \u00eenv\u0103\u0163\u0103m\u00e2nt\u201d.<\/p>","protected":false},"excerpt":{"rendered":"<p>\u201dAu fost \u00eengrijor\u0103ri legate de norme. Noi am transmis de la bun \u00eenceput faptul c\u0103,&hellip;<\/p>\n","protected":false},"author":0,"featured_media":28759,"comment_status":"open","ping_status":"open","sticky":false,"template":"","format":"standard","meta":{"footnotes":""},"categories":[2],"tags":[],"class_list":["post-28758","post","type-post","status-publish","format-standard","has-post-thumbnail","hentry","category-actual"],"_links":{"self":[{"href":"https:\/\/247stiri.ro\/index.php\/wp-json\/wp\/v2\/posts\/28758","targetHints":{"allow":["GET"]}}],"collection":[{"href":"https:\/\/247stiri.ro\/index.php\/wp-json\/wp\/v2\/posts"}],"about":[{"href":"https:\/\/247stiri.ro\/index.php\/wp-json\/wp\/v2\/types\/post"}],"replies":[{"embeddable":true,"href":"https:\/\/247stiri.ro\/index.php\/wp-json\/wp\/v2\/comments?post=28758"}],"version-history":[{"count":0,"href":"https:\/\/247stiri.ro\/index.php\/wp-json\/wp\/v2\/posts\/28758\/revisions"}],"wp:featuredmedia":[{"embeddable":true,"href":"https:\/\/247stiri.ro\/index.php\/wp-json\/wp\/v2\/media\/28759"}],"wp:attachment":[{"href":"https:\/\/247stiri.ro\/index.php\/wp-json\/wp\/v2\/media?parent=28758"}],"wp:term":[{"taxonomy":"category","embeddable":true,"href":"https:\/\/247stiri.ro\/index.php\/wp-json\/wp\/v2\/categories?post=28758"},{"taxonomy":"post_tag","embeddable":true,"href":"https:\/\/247stiri.ro\/index.php\/wp-json\/wp\/v2\/tags?post=28758"}],"curies":[{"name":"wp","href":"https:\/\/api.w.org\/{rel}","templated":true}]}}