{"id":28762,"date":"2025-02-03T16:48:44","date_gmt":"2025-02-03T16:48:44","guid":{"rendered":"https:\/\/247stiri.ro\/index.php\/2025\/02\/03\/tanczos-barna-s-a-intilnit-cu-sefii-de-la-banca-mondiala-ce-proiecte-vor-primi-finantare-in-continuare\/"},"modified":"2025-02-03T16:48:44","modified_gmt":"2025-02-03T16:48:44","slug":"tanczos-barna-s-a-intilnit-cu-sefii-de-la-banca-mondiala-ce-proiecte-vor-primi-finantare-in-continuare","status":"publish","type":"post","link":"https:\/\/247stiri.ro\/index.php\/2025\/02\/03\/tanczos-barna-s-a-intilnit-cu-sefii-de-la-banca-mondiala-ce-proiecte-vor-primi-finantare-in-continuare\/","title":{"rendered":"Tanczos Barna s-a \u00eent\u00eelnit cu \u0219efii de la Banca Mondial\u0103. Ce proiecte vor primi finan\u021bare \u00een continuare?"},"content":{"rendered":"<p>&#8222;\u00cen actualul context economic \u0219i geopolitic dificil, este important s\u0103 valorific\u0103m pe deplin noul cadru de guvernan\u021b\u0103 \u0219i s\u0103 \u00eel implement\u0103m astfel \u00eenc\u00e2t s\u0103 asigur\u0103m o cre\u0219tere economic\u0103 durabil\u0103. Am asigurat echipa B\u0103ncii Mondiale c\u0103 bugetul pentru 2025 reflect\u0103 aceast\u0103 abordare \u0219i respect\u0103 angajamentele asumate \u00een planul bugetar-structural pe termen mediu&#8221;, a declarat T\u00e1nczos Barna.<\/p>\n\n<p>Reducerea deficitului \u0219i investi\u021bii publice la un nivel record<\/p>\n<p>Ministrul a subliniat c\u0103 Rom\u00e2nia r\u0103m\u00e2ne una dintre \u021b\u0103rile din Uniunea European\u0103 cu cele mai mari investi\u021bii publice, acestea ajung\u00e2nd la 7,8% din PIB \u00een 2025. \u00cen acela\u0219i timp, Guvernul s-a angajat s\u0103 reduc\u0103 deficitul bugetar la 7% din PIB, obiectiv considerat esen\u021bial pentru consolidarea stabilit\u0103\u021bii economice \u0219i cre\u0219terea competitivit\u0103\u021bii.<\/p>\n\n<p>Pe l\u00e2ng\u0103 componenta financiar\u0103, Banca Mondial\u0103 va oferi Rom\u00e2niei \u0219i asisten\u021b\u0103 tehnic\u0103, sprijinind reformele structurale necesare moderniz\u0103rii economiei.<\/p>\n\n<p>Banca Mondial\u0103, un aliat strategic pentru Rom\u00e2nia<\/p>\n<p>\u00centr-un context geopolitic incert, Rom\u00e2nia \u00ee\u0219i consolideaz\u0103 rela\u021biile cu partenerii interna\u021bionali pentru a asigura o mobilizare eficient\u0103 a resurselor. Flexibilitatea \u0219i capacitatea B\u0103ncii Mondiale de a r\u0103spunde rapid la nevoile economice emergente sunt factori cruciali \u00een atingerea obiectivelor de dezvoltare ale \u021b\u0103rii.<\/p>\n\n<p>Autorit\u0103\u021bile rom\u00e2ne au reafirmat interesul pentru \u00eent\u0103rirea cooper\u0103rii \u0219i continuarea dialogului, urm\u0103rind identificarea celor mai bune solu\u021bii de finan\u021bare \u0219i sprijin tehnic pentru dezvoltarea sustenabil\u0103 a economiei.<\/p>","protected":false},"excerpt":{"rendered":"<p>&#8222;\u00cen actualul context economic \u0219i geopolitic dificil, este important s\u0103 valorific\u0103m pe deplin noul cadru&hellip;<\/p>\n","protected":false},"author":0,"featured_media":28763,"comment_status":"open","ping_status":"open","sticky":false,"template":"","format":"standard","meta":{"footnotes":""},"categories":[2],"tags":[],"class_list":["post-28762","post","type-post","status-publish","format-standard","has-post-thumbnail","hentry","category-actual"],"_links":{"self":[{"href":"https:\/\/247stiri.ro\/index.php\/wp-json\/wp\/v2\/posts\/28762","targetHints":{"allow":["GET"]}}],"collection":[{"href":"https:\/\/247stiri.ro\/index.php\/wp-json\/wp\/v2\/posts"}],"about":[{"href":"https:\/\/247stiri.ro\/index.php\/wp-json\/wp\/v2\/types\/post"}],"replies":[{"embeddable":true,"href":"https:\/\/247stiri.ro\/index.php\/wp-json\/wp\/v2\/comments?post=28762"}],"version-history":[{"count":0,"href":"https:\/\/247stiri.ro\/index.php\/wp-json\/wp\/v2\/posts\/28762\/revisions"}],"wp:featuredmedia":[{"embeddable":true,"href":"https:\/\/247stiri.ro\/index.php\/wp-json\/wp\/v2\/media\/28763"}],"wp:attachment":[{"href":"https:\/\/247stiri.ro\/index.php\/wp-json\/wp\/v2\/media?parent=28762"}],"wp:term":[{"taxonomy":"category","embeddable":true,"href":"https:\/\/247stiri.ro\/index.php\/wp-json\/wp\/v2\/categories?post=28762"},{"taxonomy":"post_tag","embeddable":true,"href":"https:\/\/247stiri.ro\/index.php\/wp-json\/wp\/v2\/tags?post=28762"}],"curies":[{"name":"wp","href":"https:\/\/api.w.org\/{rel}","templated":true}]}}