{"id":28764,"date":"2025-02-03T16:48:45","date_gmt":"2025-02-03T16:48:45","guid":{"rendered":"https:\/\/247stiri.ro\/index.php\/2025\/02\/03\/barbat-retinut-dupa-ce-l-a-injunghiat-pe-un-altul-in-parcarea-unui-hipermarket-din-bucuresti\/"},"modified":"2025-02-03T16:48:45","modified_gmt":"2025-02-03T16:48:45","slug":"barbat-retinut-dupa-ce-l-a-injunghiat-pe-un-altul-in-parcarea-unui-hipermarket-din-bucuresti","status":"publish","type":"post","link":"https:\/\/247stiri.ro\/index.php\/2025\/02\/03\/barbat-retinut-dupa-ce-l-a-injunghiat-pe-un-altul-in-parcarea-unui-hipermarket-din-bucuresti\/","title":{"rendered":"B\u0103rbat re\u0163inut dup\u0103 ce l-a \u00eenjunghiat pe un altul, \u00een parcarea unui hipermarket din Bucure\u0219ti"},"content":{"rendered":"<p>Parchetul de pe l\u00e2ng\u0103 Tribunalul Bucure\u015fti a informat, luni, c\u0103 procurorii au pus \u00een mi\u015fcare ac\u0163iunea penal\u0103 \u00eempotriva unui b\u0103rbat \u00een v\u00e2rst\u0103 de 40 de ani, cercetat pentru tentativ\u0103 de omor \u015fi tulburare a ordinii \u015fi lini\u015ftii publice.<\/p>\n<p>Potrivit sursei citate, \u00een cadrul unui conflict spontan izbucnit, duminic\u0103, \u00een parcarea unui hipermarket din\u00a0 Bucure\u015fti, sectorul 2, el a \u00eenjunghiat de mai multe ori victima cu un briceag \u00een torace \u015fi \u00een coaps\u0103, provoc\u00e2ndu-i pl\u0103gi \u00eenjunghiate pe partea dreapt\u0103 a corpului, \u00een zonele hemibaz\u0103 toracic\u0103, hipocondru, respectiv coaps\u0103 anterolateral, \u201daccept\u00e2nd c\u0103 prin ac\u0163iunile sale poate suprima via\u0163a victimei, rezultat care nu s-a produs din hazard \u015fi datorit\u0103 interven\u0163iei echipajelor medicale de urgen\u0163\u0103\u201d.<\/p>\n<p>\u201dViolen\u0163ele descrise mai sus au fost exercitate \u00een public, de fa\u0163\u0103 cu mai mul\u0163i trec\u0103tori, c\u0103rora le-a fost creat\u0103 o stare de temere. Victima, un b\u0103rbat \u00een v\u00e2rst\u0103 de 36 de ani, a fost transportat\u0103 la spital pentru \u00eengrijiri medicale, starea ei fiind \u00een prezent stabil\u0103\u201d, au precizat procurorii.<\/p>\n<p>Inculpatul a fost re\u0163inut pentru 24 de ore, iar judec\u0103torul de drepturi \u015fi libert\u0103\u0163i de la Tribunalul Bucure\u015fti a fost sesizat cu propunere de arestare preventiv\u0103 pentru 30 de zile.<\/p>\n<p>Cercet\u0103rile sunt continuate de c\u0103tre Parchetul de pe l\u00e2ng\u0103 Tribunalul Bucure\u015fti \u015fi Direc\u0163ia General\u0103 de Poli\u0163ie a Municipiului Bucure\u015fti \u2013 Serviciul Omoruri.<\/p>","protected":false},"excerpt":{"rendered":"<p>Parchetul de pe l\u00e2ng\u0103 Tribunalul Bucure\u015fti a informat, luni, c\u0103 procurorii au pus \u00een mi\u015fcare&hellip;<\/p>\n","protected":false},"author":0,"featured_media":28765,"comment_status":"open","ping_status":"open","sticky":false,"template":"","format":"standard","meta":{"footnotes":""},"categories":[2],"tags":[],"class_list":["post-28764","post","type-post","status-publish","format-standard","has-post-thumbnail","hentry","category-actual"],"_links":{"self":[{"href":"https:\/\/247stiri.ro\/index.php\/wp-json\/wp\/v2\/posts\/28764","targetHints":{"allow":["GET"]}}],"collection":[{"href":"https:\/\/247stiri.ro\/index.php\/wp-json\/wp\/v2\/posts"}],"about":[{"href":"https:\/\/247stiri.ro\/index.php\/wp-json\/wp\/v2\/types\/post"}],"replies":[{"embeddable":true,"href":"https:\/\/247stiri.ro\/index.php\/wp-json\/wp\/v2\/comments?post=28764"}],"version-history":[{"count":0,"href":"https:\/\/247stiri.ro\/index.php\/wp-json\/wp\/v2\/posts\/28764\/revisions"}],"wp:featuredmedia":[{"embeddable":true,"href":"https:\/\/247stiri.ro\/index.php\/wp-json\/wp\/v2\/media\/28765"}],"wp:attachment":[{"href":"https:\/\/247stiri.ro\/index.php\/wp-json\/wp\/v2\/media?parent=28764"}],"wp:term":[{"taxonomy":"category","embeddable":true,"href":"https:\/\/247stiri.ro\/index.php\/wp-json\/wp\/v2\/categories?post=28764"},{"taxonomy":"post_tag","embeddable":true,"href":"https:\/\/247stiri.ro\/index.php\/wp-json\/wp\/v2\/tags?post=28764"}],"curies":[{"name":"wp","href":"https:\/\/api.w.org\/{rel}","templated":true}]}}