{"id":28777,"date":"2025-02-03T17:47:15","date_gmt":"2025-02-03T17:47:15","guid":{"rendered":"https:\/\/247stiri.ro\/index.php\/2025\/02\/03\/judecatoria-sectorului-2-a-emis-ordin-de-protectie-pe-numele-barbatului-care-l-a-amenintat-pe-david-popovici\/"},"modified":"2025-02-03T17:47:15","modified_gmt":"2025-02-03T17:47:15","slug":"judecatoria-sectorului-2-a-emis-ordin-de-protectie-pe-numele-barbatului-care-l-a-amenintat-pe-david-popovici","status":"publish","type":"post","link":"https:\/\/247stiri.ro\/index.php\/2025\/02\/03\/judecatoria-sectorului-2-a-emis-ordin-de-protectie-pe-numele-barbatului-care-l-a-amenintat-pe-david-popovici\/","title":{"rendered":"Judec\u0103toria Sectorului 2 a emis ordin de protec\u021bie pe numele b\u0103rbatului care l-a amenin\u021bat pe David Popovici"},"content":{"rendered":"<p>Judec\u0103toria Sectorului 2 a admis luni, \u00een parte, cererea campionului olimpic la \u00eenot\u00a0David Popovici\u00a0de emitere a unui ordin de protec\u0163ie \u00eempotriva unui vecin de bloc care a amenin\u0163at c\u0103-i incendiaz\u0103 ma\u015fina. Potrivit deciziei\u00a0instan\u0163ei, vecinul respectiv nu are voie, pe o perioad\u0103 de \u015fase luni, s\u0103 se apropie la mai pu\u0163in de 100 de metri de David Popovici \u015fi de locul unde sportivul se antreneaz\u0103 &#8211; Bazinul Olimpic &#8222;Lia Manoliu&#8221;.<\/p>\n<p>De asemenea, b\u0103rbatului \u00eei este interzis orice contact cu David Popovici.<\/p>\n<p>&#8222;Admite, \u00een parte, cererea av\u00e2nd ca obiect &#8211; ordin de protec\u0163ie. Dispune emiterea unui ordin de protec\u0163ie pentru o durat\u0103 de 6 luni, prin care: oblig\u0103 p\u00e2r\u00e2tul s\u0103 p\u0103streze o distan\u0163\u0103 minim\u0103 de 100 m fa\u0163\u0103 de reclamant \u015fi fa\u0163\u0103 de numita (&#8230;) , precum \u015fi fa\u0163\u0103 de locul \u00een care reclamantul \u00ee\u015fi desf\u0103\u015foar\u0103 activitatea, respectiv Bazinul Olimpic &#8216;Lia Manoliu&#8217;. Oblig\u0103 p\u00e2r\u00e2tul s\u0103 p\u0103streze o distan\u0163\u0103 minim\u0103 de 4 m fa\u0163\u0103 de locuin\u0163a reclamantului. \u00cei interzice p\u00e2r\u00e2tului orice contact, inclusiv telefonic, prin coresponden\u0163\u0103 sau \u00een orice alt mod cu victima. Respinge, \u00een rest, cererea, ca ne\u00eentemeiat\u0103. Atrage aten\u0163ia p\u00e2r\u00e2tului c\u0103 \u00eenc\u0103lcarea m\u0103surilor dispuse prin ordinul de protec\u0163ie constituie infrac\u0163iunea de nerespectare a hot\u0103r\u00e2rii judec\u0103tore\u015fti. Cu drept de apel \u00een termen de 3 zile de la pronun\u0163are&#8221;, se arat\u0103 \u00een decizia instan\u0163ei.<\/p>\n<p><a href=\"https:\/\/www.realitatea.net\/stiri\/actual\/vecinul-lui-david-popovici-a-oferit-primele-reactii-dupa-ce-a-fost-amenintat-cu-ordinul-de-protectie-nu-am-nimic-cu-el-tatal-lui-sa-luat-de-mine_67a0d7ed94918a1cc253df9c\" target=\"_blank\">Vecinul lui David Popovici face pe ne\u0219tiutorul, dup\u0103 ce a fost amenin\u021bat cu ordinul de protec\u021bie: \u201eNu am nimic cu el. Tat\u0103l lui s-a luat de mine\u201d<\/a><\/p>\n<p>\u00cen urm\u0103 cu dou\u0103 s\u0103pt\u0103m\u00e2ni, sportivul a sunat la Poli\u0163ie \u015fi a reclamat faptul c\u0103 a fost amenin\u0163at de un vecin de bloc, \u00een v\u00e2rst\u0103 de 70 de ani, aflat sub influen\u0163a alcoolului, c\u0103 \u00eei va incendia ma\u015fina.<\/p>\n<p>&#8222;\u00centruc\u00e2t b\u0103rbatul, \u00een v\u00e2rst\u0103 de 70 de ani, avea un comportament agresiv, s-a procedat la imobilizarea \u015fi \u00eenc\u0103tu\u015farea acestuia, ulterior fiind condus la sediul subunit\u0103\u0163ii \u00een vederea audierii. Men\u0163ion\u0103m faptul c\u0103 b\u0103rbatul \u00een cauz\u0103 a fost condus la o unitate spitaliceasc\u0103 \u00een vederea acord\u0103rii \u00eengrijirilor medicale de specialitate. \u00cen acest context, persoanei v\u0103t\u0103mate i s-au adus la cuno\u015ftin\u0163\u0103 prevederile legale privind ordinul de protec\u0163ie, \u00eens\u0103 a refuzat completarea formularului de evaluare a riscului iminent. De asemenea, t\u00e2n\u0103rul \u015fi-a rezervat dreptul de a formula pl\u00e2ngere, \u00een termen legal. Cercet\u0103rile sunt continuate din oficiu de c\u0103tre poli\u0163i\u015fti din cadrul Sec\u0163iei 9, sub supravegherea Parchetului de pe l\u00e2ng\u0103 Judec\u0103toria Sectorului 2, sub aspectul s\u0103v\u00e2r\u015firii infrac\u0163iunii de amenin\u0163are&#8221;, transmitea atunci Poli\u0163ia Capitalei.<\/p>\n<p><a href=\"https:\/\/www.realitatea.net\/stiri\/actual\/david-popovici-a-cerut-ordin-de-protectie-impotriva-unui-vecin-care-la-ameninsat-cai-incendiaza-bolidul-de-150000-de-euro_679cf3394759196964422278\" target=\"_blank\">David Popovici a cerut ordin de protec\u021bie \u00eempotriva unui vecin care l-a amenin\u021bat c\u0103-i INCENDIAZ\u0102 bolidul de 150.000 de euro<\/a>La \u00eenceputul acestui an, David a fost \u0163inta unor critici \u00een spa\u0163iul public, dup\u0103 ce a anun\u0163at c\u0103 \u015fi-a cump\u0103rat o ma\u015fin\u0103 de lux \u00een valoare de 100.000 de euro.\u00a0<\/p>","protected":false},"excerpt":{"rendered":"<p>Judec\u0103toria Sectorului 2 a admis luni, \u00een parte, cererea campionului olimpic la \u00eenot\u00a0David Popovici\u00a0de emitere&hellip;<\/p>\n","protected":false},"author":0,"featured_media":28770,"comment_status":"open","ping_status":"open","sticky":false,"template":"","format":"standard","meta":{"footnotes":""},"categories":[2],"tags":[],"class_list":["post-28777","post","type-post","status-publish","format-standard","has-post-thumbnail","hentry","category-actual"],"_links":{"self":[{"href":"https:\/\/247stiri.ro\/index.php\/wp-json\/wp\/v2\/posts\/28777","targetHints":{"allow":["GET"]}}],"collection":[{"href":"https:\/\/247stiri.ro\/index.php\/wp-json\/wp\/v2\/posts"}],"about":[{"href":"https:\/\/247stiri.ro\/index.php\/wp-json\/wp\/v2\/types\/post"}],"replies":[{"embeddable":true,"href":"https:\/\/247stiri.ro\/index.php\/wp-json\/wp\/v2\/comments?post=28777"}],"version-history":[{"count":0,"href":"https:\/\/247stiri.ro\/index.php\/wp-json\/wp\/v2\/posts\/28777\/revisions"}],"wp:featuredmedia":[{"embeddable":true,"href":"https:\/\/247stiri.ro\/index.php\/wp-json\/wp\/v2\/media\/28770"}],"wp:attachment":[{"href":"https:\/\/247stiri.ro\/index.php\/wp-json\/wp\/v2\/media?parent=28777"}],"wp:term":[{"taxonomy":"category","embeddable":true,"href":"https:\/\/247stiri.ro\/index.php\/wp-json\/wp\/v2\/categories?post=28777"},{"taxonomy":"post_tag","embeddable":true,"href":"https:\/\/247stiri.ro\/index.php\/wp-json\/wp\/v2\/tags?post=28777"}],"curies":[{"name":"wp","href":"https:\/\/api.w.org\/{rel}","templated":true}]}}