{"id":28787,"date":"2025-02-03T18:46:14","date_gmt":"2025-02-03T18:46:14","guid":{"rendered":"https:\/\/247stiri.ro\/index.php\/2025\/02\/03\/marco-rubio-a-preluat-conducerea-interimara-a-usaid-pe-fondul-scandalului-creat-de-elon-musk\/"},"modified":"2025-02-03T18:46:14","modified_gmt":"2025-02-03T18:46:14","slug":"marco-rubio-a-preluat-conducerea-interimara-a-usaid-pe-fondul-scandalului-creat-de-elon-musk","status":"publish","type":"post","link":"https:\/\/247stiri.ro\/index.php\/2025\/02\/03\/marco-rubio-a-preluat-conducerea-interimara-a-usaid-pe-fondul-scandalului-creat-de-elon-musk\/","title":{"rendered":"Marco Rubio a preluat conducerea interimar\u0103 a USAID, pe fondul scandalului creat de Elon Musk"},"content":{"rendered":"<p>Congremenii \u015fi angaja\u0163ii umanitari se a\u015fteptau ca Trump s\u0103 \u00eenchid\u0103 complet agen\u0163ia \u015fi s\u0103 o plaseze sub umbrela Departamentului de Stat, potrivit CNN.<\/p>\n<p>La Washington, sediul central al USAID a fost \u00eenchis pentru o zi, angaja\u0163ii fiind informa\u0163i printr-un e-mail s\u0103 r\u0103m\u00e2n\u0103 acas\u0103.<\/p>\n<p>\u00cen weekend, doi oficiali de securitate de rang \u00eenalt din cadrul USAID au fost plasa\u0163i \u00een concediu administrativ pentru c\u0103 au refuzat accesul membrilor Departamentului pentru Eficien\u0163\u0103 Guvernamental\u0103\u00a0 (DOGE) al lui Musk la sistemele agen\u0163iei, chiar \u015fi atunci c\u00e2nd personalul DOGE a amenin\u0163at c\u0103 va apela la for\u0163ele de ordine, au declarat pentru CNN mai multe surse informate despre situa\u0163ie.<\/p>\n<p>Personalul DOGE dorea s\u0103 ob\u0163in\u0103 acces la sistemele de securitate \u015fi la dosarele de personal ale USAID, au declarat trei surse. Dou\u0103 dintre aceste surse au spus, de asemenea, c\u0103 personalul DOGE dorea s\u0103 aib\u0103 acces la informa\u0163ii clasificate, la care au acces doar cei care au autoriza\u0163ii de securitate \u015fi exist\u0103 o nevoie specific\u0103 de a cunoa\u015fte anumite date.<\/p>","protected":false},"excerpt":{"rendered":"<p>Congremenii \u015fi angaja\u0163ii umanitari se a\u015fteptau ca Trump s\u0103 \u00eenchid\u0103 complet agen\u0163ia \u015fi s\u0103 o&hellip;<\/p>\n","protected":false},"author":0,"featured_media":28785,"comment_status":"open","ping_status":"open","sticky":false,"template":"","format":"standard","meta":{"footnotes":""},"categories":[2],"tags":[],"class_list":["post-28787","post","type-post","status-publish","format-standard","has-post-thumbnail","hentry","category-actual"],"_links":{"self":[{"href":"https:\/\/247stiri.ro\/index.php\/wp-json\/wp\/v2\/posts\/28787","targetHints":{"allow":["GET"]}}],"collection":[{"href":"https:\/\/247stiri.ro\/index.php\/wp-json\/wp\/v2\/posts"}],"about":[{"href":"https:\/\/247stiri.ro\/index.php\/wp-json\/wp\/v2\/types\/post"}],"replies":[{"embeddable":true,"href":"https:\/\/247stiri.ro\/index.php\/wp-json\/wp\/v2\/comments?post=28787"}],"version-history":[{"count":0,"href":"https:\/\/247stiri.ro\/index.php\/wp-json\/wp\/v2\/posts\/28787\/revisions"}],"wp:featuredmedia":[{"embeddable":true,"href":"https:\/\/247stiri.ro\/index.php\/wp-json\/wp\/v2\/media\/28785"}],"wp:attachment":[{"href":"https:\/\/247stiri.ro\/index.php\/wp-json\/wp\/v2\/media?parent=28787"}],"wp:term":[{"taxonomy":"category","embeddable":true,"href":"https:\/\/247stiri.ro\/index.php\/wp-json\/wp\/v2\/categories?post=28787"},{"taxonomy":"post_tag","embeddable":true,"href":"https:\/\/247stiri.ro\/index.php\/wp-json\/wp\/v2\/tags?post=28787"}],"curies":[{"name":"wp","href":"https:\/\/api.w.org\/{rel}","templated":true}]}}