{"id":28788,"date":"2025-02-03T18:46:14","date_gmt":"2025-02-03T18:46:14","guid":{"rendered":"https:\/\/247stiri.ro\/index.php\/2025\/02\/03\/nicusor-dan-este-sarcina-lui-iohannis-sa-vina-cu-explicatii-suplimentare-despre-anularea-alegerilor-pentru-ca-romanii-sa-aiba-incredere-in-alegeri\/"},"modified":"2025-02-03T18:46:14","modified_gmt":"2025-02-03T18:46:14","slug":"nicusor-dan-este-sarcina-lui-iohannis-sa-vina-cu-explicatii-suplimentare-despre-anularea-alegerilor-pentru-ca-romanii-sa-aiba-incredere-in-alegeri","status":"publish","type":"post","link":"https:\/\/247stiri.ro\/index.php\/2025\/02\/03\/nicusor-dan-este-sarcina-lui-iohannis-sa-vina-cu-explicatii-suplimentare-despre-anularea-alegerilor-pentru-ca-romanii-sa-aiba-incredere-in-alegeri\/","title":{"rendered":"Nicu\u015for Dan: Este sarcina lui Iohannis s\u0103 vin\u0103 cu explica\u0163ii suplimentare despre anularea alegerilor, pentru ca rom\u00e2nii s\u0103 aib\u0103 \u00eencredere \u00een alegeri"},"content":{"rendered":"<p>\u201dSuntem \u00een dezacord cu domnul Iohannis. Explica\u0163iile nu sunt suficiente la momentul \u0103sta. A fost o campanie pe care speciali\u015ftii o evalueaz\u0103 la milioane de euro, nu \u015ftim cine, cui a pl\u0103tit acele milioane sau poate zeci de milioane de euro. S-a spus de influen\u0163a unui actor str\u0103in \u015fi dup\u0103 aceea s-a spus Rusia. \u00cenclin s\u0103 cred c\u0103 este a\u015fa, dar nu avem dovezile concrete pentru asta. \u0102sta e r\u0103spunsul\u201d, a spus Nicu\u015for Dan.<\/p>\n<p>\u201d\u00cen continuare spun, \u00een dezacord cu pre\u015fedintele Iohannis, c\u0103 este sarcina sa s\u0103 vin\u0103 cu explica\u0163ii suplimentare despre anularea alegerilor, pentru ca rom\u00e2nii s\u0103 aib\u0103 \u00eencredere \u00eentr-o institu\u0163ie esen\u0163ial\u0103 a democra\u0163iei, procesul de alegeri\u201d, a completat el.<\/p>\n<p>Primarul a subliniat c\u0103 nu se pune problema \u00een momentul acesta de alte alegeri parlamentare \u201dAsta e majoritatea parlamentar\u0103 pe care rom\u00e2nii au trimis-o, pentru patru ani de acum \u00eencolo. Pre\u015fedintele \u00eens\u0103, spre deosebire de primar, are mai multe p\u00e2rghii pentru a influen\u0163a politica pe care guvernul o face\u201d, a ar\u0103tat el.<\/p>","protected":false},"excerpt":{"rendered":"<p>\u201dSuntem \u00een dezacord cu domnul Iohannis. Explica\u0163iile nu sunt suficiente la momentul \u0103sta. A fost&hellip;<\/p>\n","protected":false},"author":0,"featured_media":28789,"comment_status":"open","ping_status":"open","sticky":false,"template":"","format":"standard","meta":{"footnotes":""},"categories":[2],"tags":[],"class_list":["post-28788","post","type-post","status-publish","format-standard","has-post-thumbnail","hentry","category-actual"],"_links":{"self":[{"href":"https:\/\/247stiri.ro\/index.php\/wp-json\/wp\/v2\/posts\/28788","targetHints":{"allow":["GET"]}}],"collection":[{"href":"https:\/\/247stiri.ro\/index.php\/wp-json\/wp\/v2\/posts"}],"about":[{"href":"https:\/\/247stiri.ro\/index.php\/wp-json\/wp\/v2\/types\/post"}],"replies":[{"embeddable":true,"href":"https:\/\/247stiri.ro\/index.php\/wp-json\/wp\/v2\/comments?post=28788"}],"version-history":[{"count":0,"href":"https:\/\/247stiri.ro\/index.php\/wp-json\/wp\/v2\/posts\/28788\/revisions"}],"wp:featuredmedia":[{"embeddable":true,"href":"https:\/\/247stiri.ro\/index.php\/wp-json\/wp\/v2\/media\/28789"}],"wp:attachment":[{"href":"https:\/\/247stiri.ro\/index.php\/wp-json\/wp\/v2\/media?parent=28788"}],"wp:term":[{"taxonomy":"category","embeddable":true,"href":"https:\/\/247stiri.ro\/index.php\/wp-json\/wp\/v2\/categories?post=28788"},{"taxonomy":"post_tag","embeddable":true,"href":"https:\/\/247stiri.ro\/index.php\/wp-json\/wp\/v2\/tags?post=28788"}],"curies":[{"name":"wp","href":"https:\/\/api.w.org\/{rel}","templated":true}]}}