{"id":28806,"date":"2025-02-03T19:45:54","date_gmt":"2025-02-03T19:45:54","guid":{"rendered":"https:\/\/247stiri.ro\/index.php\/2025\/02\/03\/nicusor-dan-tanczos-barna-sa-explice-impartirea-banilor-in-capitala\/"},"modified":"2025-02-03T19:45:54","modified_gmt":"2025-02-03T19:45:54","slug":"nicusor-dan-tanczos-barna-sa-explice-impartirea-banilor-in-capitala","status":"publish","type":"post","link":"https:\/\/247stiri.ro\/index.php\/2025\/02\/03\/nicusor-dan-tanczos-barna-sa-explice-impartirea-banilor-in-capitala\/","title":{"rendered":"Nicu\u015for Dan: Tanczos Barna s\u0103 explice \u00eemp\u0103r\u021birea banilor \u00een Capital\u0103"},"content":{"rendered":"<p>Nicu\u015for Dan, primarul general al Capitalei, \u0219i-a exprimat din nou\u00a0nemul\u021bumirea\u00a0c\u0103 Guvernul a ignorat\u00a0votul bucure\u0219tenilor\u00a0la referendum \u0219i, \u00een plus, a \u00eemp\u0103r\u021bit dispropor\u021bionat bugetul Bucure\u0219tiului \u00eentre Prim\u0103ria general\u0103 \u0219i prim\u0103riile de sector. Ministrul Finan\u021belor, Tanczos Barna (UDMR), a spus c\u0103 e nevoie \u0219i de dezvoltarea provinciei. Numai c\u0103 Dan nu pomenise nimic despre acest lucru, ci despre \u00eemp\u0103r\u021birea banilor \u00eentre sectoarele Capitalei. Lucru pe care l-a remarcat \u0219i primarul acum.<\/p>\n<p>Nicu\u015for Dan: Tanczos Barna s\u0103 explice \u00eemp\u0103r\u021birea banilor \u00een Capital\u0103<\/p>\n<p>\u201eNoi vorbim de pere \u015fi dumnealui de mere. Adic\u0103 Prim\u0103ria General\u0103 \u015fi prim\u0103riile de sector au un buget de 13 miliarde. Ce spune dl Barna e c\u0103, din aceste 13 miliarde, s\u0103 d\u0103m aproape 1,5 miliarde c\u0103tre acest fond de redistribuire. Eu nu am contestat asta.<\/p>\n<p>Ce am contestat eu e ce facem cu restul de 12 miliarde, c\u0103 e absurd ca, din cele 12 miliarde, Prim\u0103ria Capitalei s\u0103 ia 4, iar sectoarele s\u0103 ia 8, \u00een condi\u0163iile \u00een care noi trebuie s\u0103 d\u0103m 2,5 miliarde pe subven\u0163ii.<\/p>\n<p>Deci, raportul real s\u0103 fie 1,5 miliarde la 8 miliarde, \u00een condi\u0163iile \u00een care noi avem mai multe atribu\u0163ii. La asta n-a r\u0103spuns dl Barna \u0219i dac\u0103 \u00eel mai prinde\u0163i pe undeva, v\u0103 rog s\u0103 \u00eei pune\u0163i \u00eentrebarea asta\u201d, le-a spus Nicu\u0219or Dan jurnali\u0219tilor, \u00een timpul unei\u00a0conferin\u021be de pres\u0103\u00a0organizat\u0103 luni.<\/p>\n<p>Nicu\u015for Dan: Guvernul a ignorat votul bucure\u0219tenilor<\/p>\n<p>\u201eC\u00e2nd am convocat referendumul, \u00een iunie 2024, am spus c\u0103, din banii pe care \u00eei are Bucure\u015ftiul, raportul \u00eentre Prim\u0103ria Capitalei \u015fi prim\u0103riile de sector e de unu la trei. Adic\u0103 sectoarele au de trei ori mai mul\u0163i bani dec\u00e2t PMB, \u00een condi\u0163iile \u00een care lucrurile mari \u015fi mai multe sunt la noi. Am f\u0103cut referendum, bucure\u015ftenii au spus \u201dDa, Consiliul General trebuie s\u0103 decid\u0103 cum se \u00eempart banii\u201d. \u015ei r\u0103spunsul care a fost? Hai s\u0103 d\u0103m sectoarelor de cinci ori mai mult dec\u00e2t Prim\u0103riei Capitalei. Pe scurt, asta a fost\u201d, a mai afirmat Nicu\u015for Dan.<\/p>\n<p>Cum a r\u0103spuns Tanczos Barna acuza\u021biilor lui Nicu\u0219or Dan<\/p>\n<p>Primarul general a reac\u021bionat astfel dup\u0103 ce, zilele trecute, ministrul Finan\u021belor a oferit o explica\u021bie pentru modul \u00een care Guvernul a \u00eemp\u0103r\u021bit banii Capitalei.<\/p>\n<p>\u201eAm vorbit cu dl Nicu\u015for Dan ieri (joi) diminea\u0163\u0103, dac\u0103 nu m\u0103 \u00een\u015fel. Coali\u0163ia a luat o decizie: banii r\u0103m\u00e2n \u00een Bucure\u015fti, cu excep\u0163ia celor 14% care se duc la Fondul Na\u0163ional de Solidaritate. Eu cred c\u0103 principiul \u201d\u0163ara are capital\u0103 \u015fi nu Bucure\u015ftiul \u0163ar\u0103\u201d e corect. Dac\u0103 ultimul c\u0103tun din aceast\u0103 \u0163ar\u0103 r\u0103m\u00e2ne cu 63% din impozitul pe venit, dac\u0103 fiecare comun\u0103 sau ora\u015f mic pl\u0103te\u015fte \u00een fondul de solidaritate 14% din impozitul pe venit colectat \u00een localitatea respectiv\u0103, cred c\u0103 \u015fi Bucure\u015fti trebuie s\u0103 fac\u0103 acela\u015fi lucru. Nu putem s\u0103 facem excep\u0163ie cu Bucure\u015ftiul\u201d, declarase ministrul Tanczos Barna, acum dou\u0103 zile.<\/p>\n<p>\u00a0<\/p>","protected":false},"excerpt":{"rendered":"<p>Nicu\u015for Dan, primarul general al Capitalei, \u0219i-a exprimat din nou\u00a0nemul\u021bumirea\u00a0c\u0103 Guvernul a ignorat\u00a0votul bucure\u0219tenilor\u00a0la referendum&hellip;<\/p>\n","protected":false},"author":0,"featured_media":28801,"comment_status":"open","ping_status":"open","sticky":false,"template":"","format":"standard","meta":{"footnotes":""},"categories":[2],"tags":[],"class_list":["post-28806","post","type-post","status-publish","format-standard","has-post-thumbnail","hentry","category-actual"],"_links":{"self":[{"href":"https:\/\/247stiri.ro\/index.php\/wp-json\/wp\/v2\/posts\/28806","targetHints":{"allow":["GET"]}}],"collection":[{"href":"https:\/\/247stiri.ro\/index.php\/wp-json\/wp\/v2\/posts"}],"about":[{"href":"https:\/\/247stiri.ro\/index.php\/wp-json\/wp\/v2\/types\/post"}],"replies":[{"embeddable":true,"href":"https:\/\/247stiri.ro\/index.php\/wp-json\/wp\/v2\/comments?post=28806"}],"version-history":[{"count":0,"href":"https:\/\/247stiri.ro\/index.php\/wp-json\/wp\/v2\/posts\/28806\/revisions"}],"wp:featuredmedia":[{"embeddable":true,"href":"https:\/\/247stiri.ro\/index.php\/wp-json\/wp\/v2\/media\/28801"}],"wp:attachment":[{"href":"https:\/\/247stiri.ro\/index.php\/wp-json\/wp\/v2\/media?parent=28806"}],"wp:term":[{"taxonomy":"category","embeddable":true,"href":"https:\/\/247stiri.ro\/index.php\/wp-json\/wp\/v2\/categories?post=28806"},{"taxonomy":"post_tag","embeddable":true,"href":"https:\/\/247stiri.ro\/index.php\/wp-json\/wp\/v2\/tags?post=28806"}],"curies":[{"name":"wp","href":"https:\/\/api.w.org\/{rel}","templated":true}]}}