{"id":28825,"date":"2025-02-03T21:48:32","date_gmt":"2025-02-03T21:48:32","guid":{"rendered":"https:\/\/247stiri.ro\/index.php\/2025\/02\/03\/rusia-incerca-si-republica-moldova-cu-drone-ratacite\/"},"modified":"2025-02-03T21:48:32","modified_gmt":"2025-02-03T21:48:32","slug":"rusia-incerca-si-republica-moldova-cu-drone-ratacite","status":"publish","type":"post","link":"https:\/\/247stiri.ro\/index.php\/2025\/02\/03\/rusia-incerca-si-republica-moldova-cu-drone-ratacite\/","title":{"rendered":"Rusia \u201e\u00eencerc\u0103\u201d \u0219i Republica Moldova cu drone \u201er\u0103t\u0103cite\u201d"},"content":{"rendered":"<p>Un aparat de zbor f\u0103r\u0103 pilot a survolat neautorizat spa\u0163iul aerian al Republicii Moldova \u00een noaptea de duminic\u0103 spre luni, iar Ministerul de Externe de la Chi\u015fin\u0103u a transmis c\u0103 astfel de ac\u0163iuni reprezint\u0103 o poten\u0163ial\u0103 amenin\u0163are la adresa cet\u0103\u0163enilor \u015fi de aceea discut\u0103 cu alia\u0163ii s\u0103i cum s\u0103-\u015fi consolideze ap\u0103rarea aerian\u0103, relateaz\u0103 Reuters.<\/p>\n<p>Comunicatul Ministerului de Externe nu a identificat originea dronei, iar Ministerul Ap\u0103r\u0103rii a precizat c\u0103 drona a intrat \u00een spa\u0163iul aerian al \u0163\u0103rii dinspre Ucraina, a r\u0103mas pentru scurt timp \u015fi apoi s-a \u00eentors pe teritoriul ucrainean.<\/p>\n<p>\u201eAstfel de ac\u0163iuni sunt inacceptabile \u015fi reprezint\u0103 o poten\u0163ial\u0103 amenin\u0163are la adresa securit\u0103\u0163ii na\u0163ionale \u015fi a cet\u0103\u0163enilor no\u015ftri\u201d, a declarat Ministerul Afacerilor Externe de la Chi\u015fin\u0103u. \u201e\u00cen acest context, Moldova analizeaz\u0103 circumstan\u0163ele incidentului \u015fi se angajeaz\u0103 \u00eentr-un dialog activ cu partenerii interna\u0163ionali pentru a preveni o situa\u0163ie similar\u0103 \u015fi a consolida ap\u0103rarea spa\u0163iului nostru aerian\u201d, a transmis MAE al Republicii Moldova<\/p>\n<p>De la invazia Rusiei \u00een Ucraina \u00een februarie 2022, au fost \u00eenregistrate mai multe incidente cu drone ruse\u015fti care au p\u0103truns \u00een spa\u0163iul aerian al Republicii Moldova, iar fragmente au aterizat pe teritoriul s\u0103u.<\/p>","protected":false},"excerpt":{"rendered":"<p>Un aparat de zbor f\u0103r\u0103 pilot a survolat neautorizat spa\u0163iul aerian al Republicii Moldova \u00een&hellip;<\/p>\n","protected":false},"author":0,"featured_media":28823,"comment_status":"open","ping_status":"open","sticky":false,"template":"","format":"standard","meta":{"footnotes":""},"categories":[2],"tags":[],"class_list":["post-28825","post","type-post","status-publish","format-standard","has-post-thumbnail","hentry","category-actual"],"_links":{"self":[{"href":"https:\/\/247stiri.ro\/index.php\/wp-json\/wp\/v2\/posts\/28825","targetHints":{"allow":["GET"]}}],"collection":[{"href":"https:\/\/247stiri.ro\/index.php\/wp-json\/wp\/v2\/posts"}],"about":[{"href":"https:\/\/247stiri.ro\/index.php\/wp-json\/wp\/v2\/types\/post"}],"replies":[{"embeddable":true,"href":"https:\/\/247stiri.ro\/index.php\/wp-json\/wp\/v2\/comments?post=28825"}],"version-history":[{"count":0,"href":"https:\/\/247stiri.ro\/index.php\/wp-json\/wp\/v2\/posts\/28825\/revisions"}],"wp:featuredmedia":[{"embeddable":true,"href":"https:\/\/247stiri.ro\/index.php\/wp-json\/wp\/v2\/media\/28823"}],"wp:attachment":[{"href":"https:\/\/247stiri.ro\/index.php\/wp-json\/wp\/v2\/media?parent=28825"}],"wp:term":[{"taxonomy":"category","embeddable":true,"href":"https:\/\/247stiri.ro\/index.php\/wp-json\/wp\/v2\/categories?post=28825"},{"taxonomy":"post_tag","embeddable":true,"href":"https:\/\/247stiri.ro\/index.php\/wp-json\/wp\/v2\/tags?post=28825"}],"curies":[{"name":"wp","href":"https:\/\/api.w.org\/{rel}","templated":true}]}}