{"id":28828,"date":"2025-02-04T03:48:02","date_gmt":"2025-02-04T03:48:02","guid":{"rendered":"https:\/\/247stiri.ro\/index.php\/2025\/02\/04\/roxana-minzatu-s-a-intalnit-cu-ministrul-educatiei-sprijinul-uniunii-europene-pentru-educatia-din-romania-este-fara-precedent\/"},"modified":"2025-02-04T03:48:02","modified_gmt":"2025-02-04T03:48:02","slug":"roxana-minzatu-s-a-intalnit-cu-ministrul-educatiei-sprijinul-uniunii-europene-pentru-educatia-din-romania-este-fara-precedent","status":"publish","type":"post","link":"https:\/\/247stiri.ro\/index.php\/2025\/02\/04\/roxana-minzatu-s-a-intalnit-cu-ministrul-educatiei-sprijinul-uniunii-europene-pentru-educatia-din-romania-este-fara-precedent\/","title":{"rendered":"Roxana M\u00eenzatu s-a \u00eent\u00e2lnit cu ministrul Educa\u021biei: Sprijinul Uniunii Europene pentru educa\u0163ia din Rom\u00e2nia este f\u0103r\u0103 precedent"},"content":{"rendered":"<p>\u201dLa Bucure\u015fti am avut o \u00eentrevedere oficial\u0103 \u015fi cu ministrul Educa\u0163iei, Daniel David. Sprijinul Uniunii Europene pentru educa\u0163ia din Rom\u00e2nia este f\u0103r\u0103 precedent, cu 3,5 miliarde de euro aloca\u0163i prin Planul Na\u0163ional de Redresare \u015fi Rezilien\u0163\u0103 (PNRR) \u015fi Fondul Social European Plus. (FSE+)\u201d, a scris, lunis ear\u0103, pe Facebook, Roxana M\u00eenzatu, care afirm\u0103 c\u0103 Educa\u0163ia este o prioritate a portofoliului social complex pe care \u00eel gestioneaz\u0103.<\/p>\n<p>\u201dConsider c\u0103 este esen\u0163ial ca tinerii de ast\u0103zi s\u0103 fie preg\u0103ti\u0163i pentru viitor. De aceea, investi\u0163ia \u00een ei, este o investi\u0163ie \u00een viitorul competitiv al Europei. Uniunea Competen\u0163elor este o strategie la nivel european care va investi \u00een competen\u0163ele tinerilor \u015fi le va oferi posibilitatea s\u0103-\u015fi valorifice cuno\u015ftin\u0163ele oriunde \u00een Europa\u201d, a mai transmis vicepre\u015fedintele Executiv al Comisiei Europene.<\/p>\n<p>Aceasta i-a transmis ministrului educa\u0163iei c\u0103 \u00ee\u015fi dore\u015fte ca tot mai mul\u0163i studen\u0163i rom\u00e2ni s\u0103 \u00eenve\u0163e dincolo de grani\u0163e, s\u0103 beneficieze de metode inovatoare \u00een \u00eenv\u0103\u0163are \u015fi predare.<\/p>\n<p>\u201dAceast\u0103 experien\u0163\u0103 unic\u0103 poate fi realizat\u0103 prin intermediul Alian\u0163elor Universit\u0103\u0163ilor Europene, piatra de temelie a sistemului european de \u00eenv\u0103\u0163\u0103m\u00e2nt superior. M\u0103 bucur c\u0103 Rom\u00e2nia face parte din aceast\u0103 ini\u0163iativ\u0103 strategic\u0103 a Uniunii Europene. De asemenea, \u00eemi doresc s\u0103 transform Erasmus + \u00eentr-un program mai incluziv. Un program la care vor avea acces mai mul\u0163i studen\u0163i din zone vulnerabile \u015fi care va spori preg\u0103tirea \u015fi competitivitatea tinerilor europeni\u201d,\u00a0 mai transmis M\u00eenzatu<\/p>\n<p>Potrivit news.ro, Roxana M\u00eenzatu face o vizit\u0103 de dou\u0103 zile \u00een Rom\u00e2nia, iar mar\u0163i se va \u00eent\u00e2lni cu Klaus Iohannis, pre\u015fedintele Rom\u00e2niei, \u015fi va avea convorbiri cu Ilie Bolojan, pre\u015fedintele Senatului, \u015fi cu Ciprian Constantin, pre\u015fedintele Camerei Deputa\u0163ilor.<\/p>\n<p>De asemenea, vizita oficial\u0103 va cuprinde o deplasare la Centrul \u201dHarap-Alb\u201d din Bucure\u015fti, o unitate de servicii sociale integrate pentru copii cu dizabilit\u0103\u0163i, cofinan\u0163at\u0103 prin Fondul Social European.<\/p>\n<p>Tot, mar\u0163i, de la ora 13.00, M\u00eenzatu va participa la un briefing de pres\u0103 on-the-record, la sediul Reprezentan\u0163ei Comisiei Europene \u00een Rom\u00e2nia.<\/p>","protected":false},"excerpt":{"rendered":"<p>\u201dLa Bucure\u015fti am avut o \u00eentrevedere oficial\u0103 \u015fi cu ministrul Educa\u0163iei, Daniel David. Sprijinul Uniunii&hellip;<\/p>\n","protected":false},"author":0,"featured_media":28829,"comment_status":"open","ping_status":"open","sticky":false,"template":"","format":"standard","meta":{"footnotes":""},"categories":[2],"tags":[],"class_list":["post-28828","post","type-post","status-publish","format-standard","has-post-thumbnail","hentry","category-actual"],"_links":{"self":[{"href":"https:\/\/247stiri.ro\/index.php\/wp-json\/wp\/v2\/posts\/28828","targetHints":{"allow":["GET"]}}],"collection":[{"href":"https:\/\/247stiri.ro\/index.php\/wp-json\/wp\/v2\/posts"}],"about":[{"href":"https:\/\/247stiri.ro\/index.php\/wp-json\/wp\/v2\/types\/post"}],"replies":[{"embeddable":true,"href":"https:\/\/247stiri.ro\/index.php\/wp-json\/wp\/v2\/comments?post=28828"}],"version-history":[{"count":0,"href":"https:\/\/247stiri.ro\/index.php\/wp-json\/wp\/v2\/posts\/28828\/revisions"}],"wp:featuredmedia":[{"embeddable":true,"href":"https:\/\/247stiri.ro\/index.php\/wp-json\/wp\/v2\/media\/28829"}],"wp:attachment":[{"href":"https:\/\/247stiri.ro\/index.php\/wp-json\/wp\/v2\/media?parent=28828"}],"wp:term":[{"taxonomy":"category","embeddable":true,"href":"https:\/\/247stiri.ro\/index.php\/wp-json\/wp\/v2\/categories?post=28828"},{"taxonomy":"post_tag","embeddable":true,"href":"https:\/\/247stiri.ro\/index.php\/wp-json\/wp\/v2\/tags?post=28828"}],"curies":[{"name":"wp","href":"https:\/\/api.w.org\/{rel}","templated":true}]}}