{"id":28836,"date":"2025-02-04T05:45:22","date_gmt":"2025-02-04T05:45:22","guid":{"rendered":"https:\/\/247stiri.ro\/index.php\/2025\/02\/04\/razboi-in-ucraina-ziua-1077-zelenski-decizie-radicala-privind-restructurarea-fortelor-ucrainene-live-text\/"},"modified":"2025-02-04T05:45:22","modified_gmt":"2025-02-04T05:45:22","slug":"razboi-in-ucraina-ziua-1077-zelenski-decizie-radicala-privind-restructurarea-fortelor-ucrainene-live-text","status":"publish","type":"post","link":"https:\/\/247stiri.ro\/index.php\/2025\/02\/04\/razboi-in-ucraina-ziua-1077-zelenski-decizie-radicala-privind-restructurarea-fortelor-ucrainene-live-text\/","title":{"rendered":"R\u0103zboi \u00een Ucraina, ziua 1077. Zelenski, DECIZIE RADICAL\u0102 privind restructurarea for\u021belor ucrainene &#8211; LIVE TEXT"},"content":{"rendered":"<p>UPDATE 7:15 &#8211;\u00a0\u201eA fost deja aprobat un plan de tranzi\u021bie c\u0103tre o nou\u0103 structur\u0103 organiza\u021bional\u0103 a For\u021belor Armate ale Ucrainei\u201d, a spus Zelenski, \u00een discursul s\u0103u video adresat na\u021biunii luni sear\u0103.<\/p>\n<p>Conform pre\u0219edintelui ucrainean, guvernul \u0219i armata se concentreaz\u0103 \u00een prezent pe punerea \u00een aplicare a planului de restructurare, cu scopul de a moderniza for\u021bele ucrainene.<\/p>\n<p>\u201eAvem nevoie de sistemul de corpuri\u201d ale armatei, a spus liderul ucrainean.<\/p>\n<p>\u201eAst\u0103zi am discutat abord\u0103ri privind numirea comandan\u021bilor corpurilor de armat\u0103: ace\u0219tia ar trebui s\u0103 fie cei mai bine preg\u0103ti\u021bi, cei mai promi\u021b\u0103tori ofi\u021beri, cu experien\u021b\u0103 de lupt\u0103 \u0219i g\u00e2ndire modern\u0103. Armata trebuie s\u0103 fie modern\u0103\u201d, a punctat el.<\/p>\n<p>Deciziile relevante privind restructurarea organiza\u021bional\u0103 a armatei vor fi f\u0103cute publice, a precizat Zelenski.<\/p>\n<p>Generalul S\u00eersk\u00eei a anun\u021bat, anterior \u00een cursul zilei de luni, c\u0103 reformele organiza\u021bionale sunt deja \u201e\u00een curs de desf\u0103\u0219urare\u201d \u0219i vor contribui la consolidarea for\u021belor armate, chiar dac\u0103 trupele ucrainene se confrunt\u0103 cu dificult\u0103\u021bi pe c\u00e2mpul de lupt\u0103.<\/p>\n<p>UPDATE 6:20 &#8211; Republica Moldova, afectat\u0103 de invazia rus\u0103 a statului vecin Ucraina, a denun\u021bat luni ceea ce a considerat c\u0103 este o \u00eenc\u0103lcare a spa\u021biului s\u0103u aerian de c\u0103tre o dron\u0103 \u0219i a indicat c\u0103 discut\u0103 cu alia\u021bii s\u0103i cu privire la modalit\u0103\u021bi de consolidare a ap\u0103r\u0103rii antiaeriene, relateaz\u0103 Reuters.<\/p>\n<p>Un comunicat al Ministerului de Externe nu a identificat originea dronei, dar a men\u021bionat c\u0103 a intrat \u00een cursul nop\u021bii \u00een spa\u021biul aerian al Republicii Moldova.<\/p>\n<p>Ministerul Ap\u0103r\u0103rii al Republicii Moldova a declarat c\u0103 drona a intrat \u00een spa\u021biul aerian al \u021b\u0103rii din Ucraina, a r\u0103mas pentru o scurt\u0103 perioad\u0103 de timp \u0219i apoi a revenit deasupra teritoriului ucrainean.<\/p>\n<p>&#8222;Asemenea ac\u021biuni sunt inacceptabile \u0219i reprezint\u0103 o poten\u021bial\u0103 amenin\u021bare la adresa securit\u0103\u021bii na\u021bionale \u0219i a cet\u0103\u021benilor no\u0219tri&#8221;, potrivit Ministerului de Externe.<\/p>","protected":false},"excerpt":{"rendered":"<p>UPDATE 7:15 &#8211;\u00a0\u201eA fost deja aprobat un plan de tranzi\u021bie c\u0103tre o nou\u0103 structur\u0103 organiza\u021bional\u0103&hellip;<\/p>\n","protected":false},"author":0,"featured_media":28837,"comment_status":"open","ping_status":"open","sticky":false,"template":"","format":"standard","meta":{"footnotes":""},"categories":[4],"tags":[],"class_list":["post-28836","post","type-post","status-publish","format-standard","has-post-thumbnail","hentry","category-extern"],"_links":{"self":[{"href":"https:\/\/247stiri.ro\/index.php\/wp-json\/wp\/v2\/posts\/28836","targetHints":{"allow":["GET"]}}],"collection":[{"href":"https:\/\/247stiri.ro\/index.php\/wp-json\/wp\/v2\/posts"}],"about":[{"href":"https:\/\/247stiri.ro\/index.php\/wp-json\/wp\/v2\/types\/post"}],"replies":[{"embeddable":true,"href":"https:\/\/247stiri.ro\/index.php\/wp-json\/wp\/v2\/comments?post=28836"}],"version-history":[{"count":0,"href":"https:\/\/247stiri.ro\/index.php\/wp-json\/wp\/v2\/posts\/28836\/revisions"}],"wp:featuredmedia":[{"embeddable":true,"href":"https:\/\/247stiri.ro\/index.php\/wp-json\/wp\/v2\/media\/28837"}],"wp:attachment":[{"href":"https:\/\/247stiri.ro\/index.php\/wp-json\/wp\/v2\/media?parent=28836"}],"wp:term":[{"taxonomy":"category","embeddable":true,"href":"https:\/\/247stiri.ro\/index.php\/wp-json\/wp\/v2\/categories?post=28836"},{"taxonomy":"post_tag","embeddable":true,"href":"https:\/\/247stiri.ro\/index.php\/wp-json\/wp\/v2\/tags?post=28836"}],"curies":[{"name":"wp","href":"https:\/\/api.w.org\/{rel}","templated":true}]}}