{"id":28838,"date":"2025-02-04T05:45:23","date_gmt":"2025-02-04T05:45:23","guid":{"rendered":"https:\/\/247stiri.ro\/index.php\/2025\/02\/04\/george-simion-cere-suspendarea-lui-iohannis-mesajul-transmis-de-la-tribuna-parlamentului-va-rog-sa-respectati-legile\/"},"modified":"2025-02-04T05:45:23","modified_gmt":"2025-02-04T05:45:23","slug":"george-simion-cere-suspendarea-lui-iohannis-mesajul-transmis-de-la-tribuna-parlamentului-va-rog-sa-respectati-legile","status":"publish","type":"post","link":"https:\/\/247stiri.ro\/index.php\/2025\/02\/04\/george-simion-cere-suspendarea-lui-iohannis-mesajul-transmis-de-la-tribuna-parlamentului-va-rog-sa-respectati-legile\/","title":{"rendered":"George Simion cere SUSPENDAREA lui Iohannis. Mesajul transmis de la tribuna Parlamentului: V\u0103 rog s\u0103 respecta\u021bi legile"},"content":{"rendered":"<p>Ast\u0103zi, \u00een plenul reunit al celor dou\u0103 Camere, ar fi trebuit s\u0103 discut\u0103m despre suspendarea lui Kluas Iohannis. V-a\u021bi cramponat de un regulament &#8211; a\u021bi dorit s\u0103 fie simultan depuse &#8211; le vom depune simultan. Nu-l pute\u021bi ap\u0103ra la infinit pe cel care este un impostor \u0219i care uzurpeaz\u0103 func\u021bia de pre\u0219edinte al \u021b\u0103rii.\u00a0<\/p>\n<p>Ar fi foarte bine s\u0103 v\u0103 g\u00e2ndi\u021bi la viitorul dvs ca oameni de stat \u0219i s\u0103 v\u0103 g\u00e2ndi\u021bi c\u0103 poporul nu-l mai vrea nici pe Klaus Iohannis.\u00a0<\/p>\n<p>Pentru ordinea de zi viitoare vreau s\u0103 v\u0103 propun s\u0103 respecta\u021bi legile&#8221;, a transmis George Simion \u00een discursul sus\u021binut de la tribuna Parlamentului.\u00a0<\/p>","protected":false},"excerpt":{"rendered":"<p>Ast\u0103zi, \u00een plenul reunit al celor dou\u0103 Camere, ar fi trebuit s\u0103 discut\u0103m despre suspendarea&hellip;<\/p>\n","protected":false},"author":0,"featured_media":28839,"comment_status":"open","ping_status":"open","sticky":false,"template":"","format":"standard","meta":{"footnotes":""},"categories":[3],"tags":[],"class_list":["post-28838","post","type-post","status-publish","format-standard","has-post-thumbnail","hentry","category-politica"],"_links":{"self":[{"href":"https:\/\/247stiri.ro\/index.php\/wp-json\/wp\/v2\/posts\/28838","targetHints":{"allow":["GET"]}}],"collection":[{"href":"https:\/\/247stiri.ro\/index.php\/wp-json\/wp\/v2\/posts"}],"about":[{"href":"https:\/\/247stiri.ro\/index.php\/wp-json\/wp\/v2\/types\/post"}],"replies":[{"embeddable":true,"href":"https:\/\/247stiri.ro\/index.php\/wp-json\/wp\/v2\/comments?post=28838"}],"version-history":[{"count":0,"href":"https:\/\/247stiri.ro\/index.php\/wp-json\/wp\/v2\/posts\/28838\/revisions"}],"wp:featuredmedia":[{"embeddable":true,"href":"https:\/\/247stiri.ro\/index.php\/wp-json\/wp\/v2\/media\/28839"}],"wp:attachment":[{"href":"https:\/\/247stiri.ro\/index.php\/wp-json\/wp\/v2\/media?parent=28838"}],"wp:term":[{"taxonomy":"category","embeddable":true,"href":"https:\/\/247stiri.ro\/index.php\/wp-json\/wp\/v2\/categories?post=28838"},{"taxonomy":"post_tag","embeddable":true,"href":"https:\/\/247stiri.ro\/index.php\/wp-json\/wp\/v2\/tags?post=28838"}],"curies":[{"name":"wp","href":"https:\/\/api.w.org\/{rel}","templated":true}]}}