{"id":28874,"date":"2025-02-04T07:46:08","date_gmt":"2025-02-04T07:46:08","guid":{"rendered":"https:\/\/247stiri.ro\/index.php\/2025\/02\/04\/cum-se-calculeaza-in-pensie-perioadele-de-concedii-pentru-cresterea-copilului-date-oficiale-de-la-casa-de-pensii\/"},"modified":"2025-02-04T07:46:08","modified_gmt":"2025-02-04T07:46:08","slug":"cum-se-calculeaza-in-pensie-perioadele-de-concedii-pentru-cresterea-copilului-date-oficiale-de-la-casa-de-pensii","status":"publish","type":"post","link":"https:\/\/247stiri.ro\/index.php\/2025\/02\/04\/cum-se-calculeaza-in-pensie-perioadele-de-concedii-pentru-cresterea-copilului-date-oficiale-de-la-casa-de-pensii\/","title":{"rendered":"Cum se calculeaz\u0103 \u00een PENSIE perioadele de concedii pentru cre\u0219terea copilului? Date oficiale de la Casa de Pensii"},"content":{"rendered":"<p class=\"selectable-text copyable-text x15bjb6t x1n2onr6\">Casa de Pensii a explicat c\u0103 perioadele de concedii de \u00eengrijire sunt defalcate \u00een func\u021bie de modific\u0103rile de legisla\u021bie astfel:<\/p>\n<p class=\"selectable-text copyable-text x15bjb6t x1n2onr6\">Perioada \u00een care asiguratul a beneficiat de concediu pentru \u00eengrijirea copilului anterior datei de 1 aprilie 2001, conform prevederilor Decretului-Lege nr.31\/1990 privind concediul pl\u0103tit pentru \u00eengrijirea copiilor \u00een v\u00e2rst\u0103 de p\u00e2n\u0103 la un an \u0219i ale Legii nr. 120\/1997 privind concediul pl\u0103tit pentru \u00eengrijirea copiilor \u00een v\u00e2rst\u0103 de p\u00e2n\u0103 la 2 ani, constituie vechime \u00een munc\u0103, respectiv stagiu de cotizare contributiv.<\/p>\n<p class=\"selectable-text copyable-text x15bjb6t x1n2onr6\">Perioada \u00een care asiguratul a beneficiat de indemniza\u021bia de asigur\u0103ri sociale (concediu pentru cre\u0219terea copilului) \u00een intervalul 1 aprilie 2001 &#8211; 1 ianuarie 2006 reprezint\u0103 stagiu de cotizare asimilat \u0219i nu se are \u00een vedere la determinarea stagiului minim de cotizare contributiv \u015fi a stagiului complet de cotizare contributiv necesar acord\u0103rii drepturilor de pensie, respectiv la acordarea punctelor de stabilitate.<\/p>\n<p class=\"selectable-text copyable-text x15bjb6t x1n2onr6\">Perioada \u00een care asiguratul a beneficiat de concediu pentru cre\u0219terea copilului, ulterior datei de 01.01.2006 (pentru care nu s-au datorat contribu\u021bii de asigur\u0103ri sociale) reprezint\u0103 stagiu de cotizare asimilat care:<\/p>\n<p class=\"selectable-text copyable-text x15bjb6t x1n2onr6\">\u2022 prin excep\u021bie, se are \u00een vedere la calculul stagiului minim de cotizare contributiv \u015fi al stagiului complet de cotizare contributiv necesar acord\u0103rii drepturilor de pensie (conform art. 47 alin. (4) din lege);<\/p>\n<p class=\"selectable-text copyable-text x15bjb6t x1n2onr6\">\u2022 nu se are \u00een vedere la acordarea punctelor de stabilitate. <\/p>\n<p class=\"selectable-text copyable-text x15bjb6t x1n2onr6\">Vezi \u00een continuare un model de calcul.<\/p>\n<p class=\"selectable-text copyable-text x15bjb6t x1n2onr6\">\n<\/p>","protected":false},"excerpt":{"rendered":"<p>Casa de Pensii a explicat c\u0103 perioadele de concedii de \u00eengrijire sunt defalcate \u00een func\u021bie&hellip;<\/p>\n","protected":false},"author":0,"featured_media":28875,"comment_status":"open","ping_status":"open","sticky":false,"template":"","format":"standard","meta":{"footnotes":""},"categories":[2],"tags":[],"class_list":["post-28874","post","type-post","status-publish","format-standard","has-post-thumbnail","hentry","category-actual"],"_links":{"self":[{"href":"https:\/\/247stiri.ro\/index.php\/wp-json\/wp\/v2\/posts\/28874","targetHints":{"allow":["GET"]}}],"collection":[{"href":"https:\/\/247stiri.ro\/index.php\/wp-json\/wp\/v2\/posts"}],"about":[{"href":"https:\/\/247stiri.ro\/index.php\/wp-json\/wp\/v2\/types\/post"}],"replies":[{"embeddable":true,"href":"https:\/\/247stiri.ro\/index.php\/wp-json\/wp\/v2\/comments?post=28874"}],"version-history":[{"count":0,"href":"https:\/\/247stiri.ro\/index.php\/wp-json\/wp\/v2\/posts\/28874\/revisions"}],"wp:featuredmedia":[{"embeddable":true,"href":"https:\/\/247stiri.ro\/index.php\/wp-json\/wp\/v2\/media\/28875"}],"wp:attachment":[{"href":"https:\/\/247stiri.ro\/index.php\/wp-json\/wp\/v2\/media?parent=28874"}],"wp:term":[{"taxonomy":"category","embeddable":true,"href":"https:\/\/247stiri.ro\/index.php\/wp-json\/wp\/v2\/categories?post=28874"},{"taxonomy":"post_tag","embeddable":true,"href":"https:\/\/247stiri.ro\/index.php\/wp-json\/wp\/v2\/tags?post=28874"}],"curies":[{"name":"wp","href":"https:\/\/api.w.org\/{rel}","templated":true}]}}