{"id":2909,"date":"2024-10-29T19:51:54","date_gmt":"2024-10-29T19:51:54","guid":{"rendered":"https:\/\/247stiri.ro\/index.php\/2024\/10\/29\/ministrul-israelian-al-apararii-remarca-acida-la-adresa-noului-lider-hezbollah-nu-pentru-mult-timp\/"},"modified":"2024-10-29T19:51:54","modified_gmt":"2024-10-29T19:51:54","slug":"ministrul-israelian-al-apararii-remarca-acida-la-adresa-noului-lider-hezbollah-nu-pentru-mult-timp","status":"publish","type":"post","link":"https:\/\/247stiri.ro\/index.php\/2024\/10\/29\/ministrul-israelian-al-apararii-remarca-acida-la-adresa-noului-lider-hezbollah-nu-pentru-mult-timp\/","title":{"rendered":"Ministrul israelian al ap\u0103r\u0103rii, remarc\u0103 acid\u0103 la adresa noului lider Hezbollah: \u201eNu pentru mult timp\u201d"},"content":{"rendered":"<p>\u00centr-un mesaj postat pe platforma X, \u00eenso\u0163it de o fotografie a lui Naim Qassem, Yoav Gallant a scris &#8222;numire temporar\u0103&#8221; \u015fi &#8222;nu pentru mult timp&#8221;.Ministrul israelian a estimat \u00eentr-un comunicat ulterior c\u0103 arsenalul de rachete al Hezbollah din Liban a fost \u00een mare parte distrus de for\u0163ele israeliene.Potrivit lui Gallant, armata israelian\u0103 a reu\u015fit s\u0103 scoat\u0103 Hezbollah &#8222;din toate satele aflate de-a lungul frontierei \u015fi s\u0103 distrug\u0103 infrastructuri de orice fel care se aflau acolo&#8221;.&#8221;Aceste opera\u0163iuni creeaz\u0103 o realitate diferit\u0103 \u00een Liban \u015fi \u00een regiune&#8221;, a declarat el.<\/p>\n<p>Potrivit exper\u0163ilor, Hezbollah de\u0163inea un arsenal de circa 150.000 de rachete \u00eenaintea \u00eenceperii ostilit\u0103\u0163ilor contra Israelului.<\/p>\n<p><a title=\"Tara care a incetat sa mai imprime banii, ca sa economiseasca bani\" href=\"https:\/\/www.realitatea.net\/stiri\/actual\/tara-care-a-incetat-sa-mai-imprime-banii-ca-sa-economiseasca-bani_672130602c73d37c6e558e09\">\u021aara care a \u00eencetat s\u0103 mai imprime banii, ca s\u0103 economiseasc\u0103 bani<\/a>De partea sa, pre\u015fedintele iranian Massoud Pezeshkian, a c\u0103rui \u0163ar\u0103 este principalul sus\u0163in\u0103tor militar \u015fi financiar al organiza\u0163iei \u015fiite libaneze, a afirmat c\u0103 desemnarea lui Naim Qassem ca lider al Hezbollah va &#8222;consolida rezisten\u0163a&#8221; \u00eempotriva Israelului.&#8221;Sunt convins c\u0103 prezen\u0163a unei personalit\u0103\u0163i str\u0103lucitoare ca a dumneavoastr\u0103 \u00een fruntea mi\u015fc\u0103rii va conduce la consolidarea hot\u0103r\u00e2rii rezisten\u0163ei&#8221; fa\u0163\u0103 de Israel, a declarat Pezeshkian \u00eentr-un mesaj adresat lui Naim Qassem.El \u015fi-a exprimat speran\u0163a \u00een instaurarea &#8222;p\u0103cii, a lini\u015ftii \u015fi a securit\u0103\u0163ii \u00een F\u00e2\u015fia Gaza, \u00een Liban \u015fi \u00een \u00eentreaga regiune&#8221;.Num\u0103rul doi al Hezbollah, Naim Qassem, a fost ales \u00een fruntea mi\u015fc\u0103rii \u015fiite libaneze \u00een locul lui Hassan Nasrallah, ucis \u00eentr-un atac israelian l\u00e2ng\u0103 Beirut \u00een urm\u0103 cu peste o lun\u0103.&#8221;Consiliul Shura&#8221;, organul de conducere al Hezbollah, &#8222;a fost de acord s\u0103-l aleag\u0103 pe \u015feicul Naim Qassem (71 de ani) secretar general al Hezbollah&#8221;, a anun\u0163at \u00eentr-un comunicat organiza\u0163ia pro-iranian\u0103 aflat\u0103 \u00een r\u0103zboi \u00eempotriva Israelului.Hassan Nasrallah a fost ucis pe 27 septembrie \u00eentr-o lovitur\u0103 aerian\u0103 israelian\u0103 asupra periferiei de sud a capitalei Beirut, un bastion al Hezbollah. Hashem Safieddine, presupusul s\u0103u succesor, a fost, de asemenea, ucis \u00eentr-un alt atac israelian la \u00eenceputul lunii octombrie. Moartea lui a fost confirmat\u0103 s\u0103pt\u0103m\u00e2na trecut\u0103 de Hezbollah, care a anun\u0163at c\u0103 \u00een atacul israelian au fost uci\u015fi \u015fi al\u0163i lideri ai organiza\u0163iei.Israelul desf\u0103\u015foar\u0103 din 23 septembrie atacuri aeriene masive \u00een Liban, ce vizeaz\u0103 bastioane ale Hezbollah, sus\u0163in\u00e2nd c\u0103 vrea s\u0103 pun\u0103 cap\u0103t tirurilor Hezbollah asupra nordului teritoriului israelian \u015fi s\u0103 permit\u0103 \u00eentoarcerea locuitorilor la casele lor.\u00a0<\/p>\n\n<p><a title=\"14 noi rute disponibile de pe aeroporturile din Romania pentru sezonul de iarna 2024-2025\" href=\"https:\/\/www.realitatea.net\/stiri\/actual\/14-noi-rute-disponibile-de-pe-aeroporturile-din-romania-pentru-sezonul-de-iarna-20242025_6721213a09cc5b015107b5f2\">14 noi rute disponibile de pe aeroporturile din Rom\u00e2nia pentru sezonul de iarn\u0103 2024-2025<\/a><\/p>","protected":false},"excerpt":{"rendered":"<p>\u00centr-un mesaj postat pe platforma X, \u00eenso\u0163it de o fotografie a lui Naim Qassem, Yoav&hellip;<\/p>\n","protected":false},"author":0,"featured_media":2906,"comment_status":"open","ping_status":"open","sticky":false,"template":"","format":"standard","meta":{"footnotes":""},"categories":[2],"tags":[],"class_list":["post-2909","post","type-post","status-publish","format-standard","has-post-thumbnail","hentry","category-actual"],"_links":{"self":[{"href":"https:\/\/247stiri.ro\/index.php\/wp-json\/wp\/v2\/posts\/2909","targetHints":{"allow":["GET"]}}],"collection":[{"href":"https:\/\/247stiri.ro\/index.php\/wp-json\/wp\/v2\/posts"}],"about":[{"href":"https:\/\/247stiri.ro\/index.php\/wp-json\/wp\/v2\/types\/post"}],"replies":[{"embeddable":true,"href":"https:\/\/247stiri.ro\/index.php\/wp-json\/wp\/v2\/comments?post=2909"}],"version-history":[{"count":0,"href":"https:\/\/247stiri.ro\/index.php\/wp-json\/wp\/v2\/posts\/2909\/revisions"}],"wp:featuredmedia":[{"embeddable":true,"href":"https:\/\/247stiri.ro\/index.php\/wp-json\/wp\/v2\/media\/2906"}],"wp:attachment":[{"href":"https:\/\/247stiri.ro\/index.php\/wp-json\/wp\/v2\/media?parent=2909"}],"wp:term":[{"taxonomy":"category","embeddable":true,"href":"https:\/\/247stiri.ro\/index.php\/wp-json\/wp\/v2\/categories?post=2909"},{"taxonomy":"post_tag","embeddable":true,"href":"https:\/\/247stiri.ro\/index.php\/wp-json\/wp\/v2\/tags?post=2909"}],"curies":[{"name":"wp","href":"https:\/\/api.w.org\/{rel}","templated":true}]}}