{"id":29116,"date":"2025-02-04T19:44:58","date_gmt":"2025-02-04T19:44:58","guid":{"rendered":"https:\/\/247stiri.ro\/index.php\/2025\/02\/04\/politistii-l-au-identificat-pe-al-patrulea-suspect-al-furtului-tezaurului-dacic-de-la-muzeul-din-olanda\/"},"modified":"2025-02-04T19:44:58","modified_gmt":"2025-02-04T19:44:58","slug":"politistii-l-au-identificat-pe-al-patrulea-suspect-al-furtului-tezaurului-dacic-de-la-muzeul-din-olanda","status":"publish","type":"post","link":"https:\/\/247stiri.ro\/index.php\/2025\/02\/04\/politistii-l-au-identificat-pe-al-patrulea-suspect-al-furtului-tezaurului-dacic-de-la-muzeul-din-olanda\/","title":{"rendered":"Poli\u021bi\u0219tii l-au identificat pe al patrulea suspect al furtului tezaurului dacic de la muzeul din Olanda"},"content":{"rendered":"<p>Suspectul este cel din fotografiile date ini\u021bial publicit\u0103\u021bii, \u00een care b\u0103rbatul olandez era surprins de camerele de supraveghere \u00eentr-un magazin de bricolaj, de unde a achizi\u021bionat ranga \u0219i ciocanele necesare pentru efectuarea spargerii. Cu toate acestea, tezaurul r\u0103m\u00e2ne \u00een continuare disp\u0103rut, iar c\u0103ut\u0103rile continu\u0103 \u00een \u00eencercarea de a-l recupera.<\/p>\n<p>Poli\u021bia a f\u0103cut public\u0103, \u00eenc\u0103 din 29 ianuarie, fotografia b\u0103rbatului, care a fost surprins\u0103 \u00eentr-un magazin de bricolaj din Assen.<\/p>\n<p>Poli\u021bi\u0219tii i-au perchezi\u021bionat casa iar, \u00een urma ac\u021biunii, au fost confiscate mai multe bunuri. Anchetatorii sper\u0103 c\u0103 aceste dovezi \u00eei vor ajuta s\u0103 descopere obiectele disp\u0103rute din muzeul Drents.<\/p>\n<p>\u00cen paralel, se desf\u0103\u0219oar\u0103 o anchet\u0103 \u0219i \u00een Rom\u00e2nia, la Parchetul General, unde procurorii examineaz\u0103 toate informa\u021biile primite de la Muzeul de Istorie \u0219i de la Direc\u021bia de Cultur\u0103 cu privire la decizia de a trimite tezaurul \u00een Olanda. \u00cen acest context, se evalueaz\u0103 \u0219i o pl\u00e2ngere depus\u0103 de o asocia\u021bie de studen\u021bi din Ia\u0219i \u00eempotriva fostului ministru al Culturii, Raluca Turcan, precum \u0219i \u00eempotriva lui Ernest Oberlander-T\u00e2rnoveanu, directorul demis al Muzeului de Istorie.<\/p>\n<p>\u00centre timp, ancheta \u00een cazul jafului continu\u0103. Vizat\u0103 a fost \u0219i o rom\u00e2nc\u0103 din Olanda, a c\u0103rei locuin\u021b\u0103 a fost perchezi\u021bionat\u0103 de oamenii legii. Mai bine de 6 ore, casa a fost verificat\u0103 de masca\u021bi, care au luat mai multe obiecte de acolo.<\/p>\n<p><a title='Bataie de joc din partea autoritatilor olandeze! Despagubirile pentru TEZAUR FURAT nu vin curand: \"Este prea devreme\"' href=\"https:\/\/www.realitatea.net\/stiri\/actual\/bataie-de-joc-din-partea-autoritatilor-olandeze-despagubirile-pentru-tezaur-furat-nu-vin-curand-este-prea-devreme_679f1ae75da99741c0710862\">B\u0103taie de joc din partea autorit\u0103\u021bilor olandeze! Desp\u0103gubirile pentru TEZAUR FURAT nu vin cur\u00e2nd: &#8222;Este prea devreme&#8221;<\/a><\/p>\n<p>\u00cen fa\u021ba jurnali\u0219tilor, femeia a declarat c\u0103 i-au fost confiscate ma\u0219inile, telefoanele, dar \u0219i alte bunuri casnice, cum ar fi lenjeriile de pat sau covoarele. Rom\u00e2nca nu are \u00eens\u0103 calitate de suspect \u00een acest dosar.<\/p>\n<p>De asemenea, fotografiile a doi dintre cei trei suspec\u021bi aresta\u021bi au fost f\u0103cute publice. Este vorba despre doi b\u0103rba\u021bi, Douglas Chesley Wendersteyt \u0219i Bernhard Zeeman. Despre unul dintre ei, presa interna\u021bional\u0103 a dezv\u0103luit c\u0103 nu este pentru prima oar\u0103 c\u00e2nd are probleme cu legea. B\u0103rbatul ar mai fi fost arestat \u00een trecut pentru alte infrac\u021biuni, inclusiv pentru furt. \u00cen spatele gratiilor mai este \u0219i o femeie, partenera unuia dintre indivizi.<\/p>\n<p>\u00cen fa\u021ba anchetatorilor, cei trei suspec\u021bi nu au vrut s\u0103 dezv\u0103luie unde sunt ascunse cele trei br\u0103\u021b\u0103ri dacice \u0219i coiful de aur de la Co\u021bofene\u0219ti. Au fost mai multe runde de audieri.<\/p>\n<p>Cele patru obiecte de o valoare inestimabil\u0103 pentru \u021bara noastr\u0103 au disp\u0103rut de la muzeul Drents din Olanda \u00een noaptea de vineri spre s\u00e2mb\u0103t\u0103, 24-25 ianuarie.<\/p>\n<p><a title=\"Iohannis a aflat si el despre furtul coifului identitatii nationale: Este nu doar o tragedie, este un scandal\" href=\"https:\/\/www.realitatea.net\/stiri\/actual\/iohannis-a-aflat-si-el-despre-furtul-coifului-identitatii-nationale-este-nu-doar-o-tragedie-este-un-scandal_67a09413f018c10d66384ea2\">Iohannis a aflat \u0219i el despre furtul coifului identit\u0103\u021bii na\u021bionale: Este nu doar o tragedie, este un scandal<\/a><\/p>","protected":false},"excerpt":{"rendered":"<p>Suspectul este cel din fotografiile date ini\u021bial publicit\u0103\u021bii, \u00een care b\u0103rbatul olandez era surprins de&hellip;<\/p>\n","protected":false},"author":0,"featured_media":29111,"comment_status":"open","ping_status":"open","sticky":false,"template":"","format":"standard","meta":{"footnotes":""},"categories":[2],"tags":[],"class_list":["post-29116","post","type-post","status-publish","format-standard","has-post-thumbnail","hentry","category-actual"],"_links":{"self":[{"href":"https:\/\/247stiri.ro\/index.php\/wp-json\/wp\/v2\/posts\/29116","targetHints":{"allow":["GET"]}}],"collection":[{"href":"https:\/\/247stiri.ro\/index.php\/wp-json\/wp\/v2\/posts"}],"about":[{"href":"https:\/\/247stiri.ro\/index.php\/wp-json\/wp\/v2\/types\/post"}],"replies":[{"embeddable":true,"href":"https:\/\/247stiri.ro\/index.php\/wp-json\/wp\/v2\/comments?post=29116"}],"version-history":[{"count":0,"href":"https:\/\/247stiri.ro\/index.php\/wp-json\/wp\/v2\/posts\/29116\/revisions"}],"wp:featuredmedia":[{"embeddable":true,"href":"https:\/\/247stiri.ro\/index.php\/wp-json\/wp\/v2\/media\/29111"}],"wp:attachment":[{"href":"https:\/\/247stiri.ro\/index.php\/wp-json\/wp\/v2\/media?parent=29116"}],"wp:term":[{"taxonomy":"category","embeddable":true,"href":"https:\/\/247stiri.ro\/index.php\/wp-json\/wp\/v2\/categories?post=29116"},{"taxonomy":"post_tag","embeddable":true,"href":"https:\/\/247stiri.ro\/index.php\/wp-json\/wp\/v2\/tags?post=29116"}],"curies":[{"name":"wp","href":"https:\/\/api.w.org\/{rel}","templated":true}]}}