{"id":29188,"date":"2025-02-05T06:46:28","date_gmt":"2025-02-05T06:46:28","guid":{"rendered":"https:\/\/247stiri.ro\/index.php\/2025\/02\/05\/bugetul-de-stat-pe-2025-intra-in-dezbaterea-plenului-reunit-al-parlamentului\/"},"modified":"2025-02-05T06:46:28","modified_gmt":"2025-02-05T06:46:28","slug":"bugetul-de-stat-pe-2025-intra-in-dezbaterea-plenului-reunit-al-parlamentului","status":"publish","type":"post","link":"https:\/\/247stiri.ro\/index.php\/2025\/02\/05\/bugetul-de-stat-pe-2025-intra-in-dezbaterea-plenului-reunit-al-parlamentului\/","title":{"rendered":"Bugetul de stat pe 2025 intr\u0103 \u00een dezbaterea plenului reunit al Parlamentului\u00a0"},"content":{"rendered":"<p>Potrivit programului aprobat de conducerea Parlamentului, p\u00e2n\u0103 la ora 13,00 Comisiile pentru buget, finan\u021be \u0219i b\u0103nci trebuie s\u0103 depun\u0103 rapoartele cu privire la proiectul legii bugetului de stat \u0219i proiectul legii bugetului asigur\u0103rilor sociale de stat pe anul 2025.<\/p>\n<p>Ulterior, Birourile permanente reunite, cu participarea liderilor grupurilor parlamentare, vor stabili timpii de dezbatere \u00een plen a bugetului.<\/p>\n<p>\u00cen jurul orei 14,00, este programat plenul reunit pentru dezbaterea bugetului.<\/p>\n<p>Mar\u021bi diminea\u021b\u0103, bugetul pe acest an a trecut prin comisiile de specialitate, \u00een prezen\u021ba ordonatorilor principali de credite, fiind date avize favorabile de c\u0103tre parlamentari. \u00cen jurul pr\u00e2nzului, au \u00eenceput discu\u021biile \u00een Comisiile pentru buget-finan\u021be, care s-au \u00eentins p\u00e2n\u0103 noaptea t\u00e2rziu. Au fost \u00eentocmite rapoarte favorabile de c\u0103tre senatorii \u0219i deputa\u021bii din Comisiile de buget.<\/p>\n<p>O situa\u021bie aparte a avut loc la aprobarea bugetului Cur\u021bii Constitu\u021bionale a Rom\u00e2niei. Discu\u021biile au fost oprite dup\u0103 ce deputatul USR Claudiu N\u0103sui a cerut preciz\u0103ri \u00een leg\u0103tur\u0103 cu un capitol din bugetul CCR care se referea la asisten\u021ba social\u0103, unde era propus\u0103 suma de 700.000 lei pentru decontarea medicamentelor angaja\u021bilor institu\u021biei \u0219i fo\u0219tilor judec\u0103tori ie\u0219i\u021bi la pensie, sum\u0103 care era zero anul trecut. Ulterior, parlamentarii au respins prevederea.<\/p>\n<p>Proiectul de buget pe 2025 a fost aprobat pe 1 februarie de Guvern.\u00a0<\/p>\n<p>\u00a0<\/p>","protected":false},"excerpt":{"rendered":"<p>Potrivit programului aprobat de conducerea Parlamentului, p\u00e2n\u0103 la ora 13,00 Comisiile pentru buget, finan\u021be \u0219i&hellip;<\/p>\n","protected":false},"author":0,"featured_media":29189,"comment_status":"open","ping_status":"open","sticky":false,"template":"","format":"standard","meta":{"footnotes":""},"categories":[3],"tags":[],"class_list":["post-29188","post","type-post","status-publish","format-standard","has-post-thumbnail","hentry","category-politica"],"_links":{"self":[{"href":"https:\/\/247stiri.ro\/index.php\/wp-json\/wp\/v2\/posts\/29188","targetHints":{"allow":["GET"]}}],"collection":[{"href":"https:\/\/247stiri.ro\/index.php\/wp-json\/wp\/v2\/posts"}],"about":[{"href":"https:\/\/247stiri.ro\/index.php\/wp-json\/wp\/v2\/types\/post"}],"replies":[{"embeddable":true,"href":"https:\/\/247stiri.ro\/index.php\/wp-json\/wp\/v2\/comments?post=29188"}],"version-history":[{"count":0,"href":"https:\/\/247stiri.ro\/index.php\/wp-json\/wp\/v2\/posts\/29188\/revisions"}],"wp:featuredmedia":[{"embeddable":true,"href":"https:\/\/247stiri.ro\/index.php\/wp-json\/wp\/v2\/media\/29189"}],"wp:attachment":[{"href":"https:\/\/247stiri.ro\/index.php\/wp-json\/wp\/v2\/media?parent=29188"}],"wp:term":[{"taxonomy":"category","embeddable":true,"href":"https:\/\/247stiri.ro\/index.php\/wp-json\/wp\/v2\/categories?post=29188"},{"taxonomy":"post_tag","embeddable":true,"href":"https:\/\/247stiri.ro\/index.php\/wp-json\/wp\/v2\/tags?post=29188"}],"curies":[{"name":"wp","href":"https:\/\/api.w.org\/{rel}","templated":true}]}}