{"id":292,"date":"2024-10-20T14:19:40","date_gmt":"2024-10-20T14:19:40","guid":{"rendered":"https:\/\/247stiri.ro\/index.php\/2024\/10\/20\/florin-roman-arunca-in-aer-proiectul-de-tara-al-lui-ciolacu-ca-dragnea-la-fel-de-populist-si-fantezist\/"},"modified":"2024-10-20T14:19:40","modified_gmt":"2024-10-20T14:19:40","slug":"florin-roman-arunca-in-aer-proiectul-de-tara-al-lui-ciolacu-ca-dragnea-la-fel-de-populist-si-fantezist","status":"publish","type":"post","link":"https:\/\/247stiri.ro\/index.php\/2024\/10\/20\/florin-roman-arunca-in-aer-proiectul-de-tara-al-lui-ciolacu-ca-dragnea-la-fel-de-populist-si-fantezist\/","title":{"rendered":"Florin Roman arunc\u0103 \u00een aer proiectul de \u021bar\u0103 al lui Ciolacu. \u201dCa Dragnea. La fel de populist \u0219i fantezist\u201d"},"content":{"rendered":"<p>Roman subliniaz\u0103 \u00een mod special promisiunile lui Ciolacu \u00een domeniul fiscalit\u0103\u021bii, men\u021bion\u00e2nd c\u0103, de\u0219i propune sc\u0103derea anumitor biruri pe munc\u0103, acest aspect nu a fost realizat \u00een mandatul s\u0103u de premier. Vicepre\u0219edintele PNL subliniaz\u0103 un paradox evident: cum poate un lider s\u0103 promit\u0103 acum o m\u0103sur\u0103 pe care nu a implementat-o \u00een trecut? Mai mult, Roman puncteaz\u0103 lipsa de transparen\u021b\u0103 cu privire la cum ar putea fi acoperit\u0103 deficitul de la bugetul asigur\u0103rilor sociale, un subiect care este deosebit de sensibil pentru popula\u021bie, av\u00e2nd \u00een vedere starea precar\u0103 a acestor fonduri.<\/p>\n<p>Pe l\u00e2ng\u0103 critica la adresa fiscalit\u0103\u021bii, Roman atrage aten\u021bia \u0219i asupra infla\u021biei ridicate sub conducerea lui Ciolacu, subliniind lipsa de ac\u021biuni concrete menite s\u0103 contracareze acest fenomen economic.\u00a0<\/p>\n<p>\u201e\u00cen domeniul fiscal bugetar, dl Ciolacu promite sc\u0103derea unor biruri pe munc\u0103, la fel ca \u0219i Dragnea, dar nu a f\u0103cut acest lucru \u00een mandatul s\u0103u de premier, cum scrie \u00een fi\u0219a postului. Nu e explicat nici cum acoper\u0103 gaura de la bugetul asigur\u0103rilor sociale, care oricum este \u00eentr-o gaur\u0103 \u0219i mai mare. Nu am v\u0103zut nimic despre modul \u00een care Rom\u00e2nia, condus\u0103 de dl Ciolacu a ajuns cu cea mai mare infla\u021bie. Nu am v\u0103zut nimic despre cum, dl Ciolacu a \u201c\u00eenghe\u021bat\u201d o tran\u0219\u0103 de 1,1 miliarde pentru numirile politice f\u0103cute prin AMEPIP. Nu am v\u0103zut nimic despre dorin\u021ba domniei sale de a distruge clasa de mijloc prin sc\u0103derea plafoanelor la micro\u00eentreprinderi. Nu am v\u0103zut nimic \u00een leg\u0103tur\u0103 cu faptul ca \u00ee\u0219i dore\u0219te o guvernare PSD-AUR, ca bonus pentru scoaterea doamnei Sosoaca, din cursa preziden\u021bial\u0103\u201d, a scris Florin Roman.<\/p>\n<p>\u201eSalaria\u021bii trebuie s\u0103 \u0219tie ca vor avea mai pu\u021bini bani \u00een buzunar, pe cota progresiv\u0103 a domnului Ciolacu. Ca ace\u0219ti bani vor merge \u00een ajutoare sociale, nu \u00een investi\u021bii. Tot ce-i care muncesc corect \u00een aceast\u0103 \u021bar\u0103, trebuie s\u0103 \u0219tie ca PSD vrea na\u021bionalizarea pilonului 2 de pensii private, noi liberalii, s\u0103 cre\u0219tem etapizat contribu\u021bia la 6%. Cu dl Ciolacu vom avea noi cre\u0219teri de taxe, pentru a suporta lipsa reducerilor de cheltuieli \u00een zona public\u0103. Cei din mediul privat trebuie s\u0103 se a\u0219tepte ca dl Ciolacu s\u0103 umble la dividente \u00een goana lui dup\u0103 bani. Pensionarii mineri \u0219i din sistemul de ordine \u0219i siguran\u021b\u0103 public\u0103 trebuie s\u0103 \u0219tie ca Marcel Ciolacu \u0219i PSD i-a abandonat \u00een mod cinic\u201d, a ad\u0103ugat vicepre\u0219edintele PNL.<\/p>\n<p><a title=\"A inceput OFICIAL cel mai mare pelerinaj organizat in Capitala. Mii de credinciosi sunt asteptati\" href=\"https:\/\/www.realitatea.net\/stiri\/actual\/a-inceput-oficial-cel-mai-mare-pelerinaj-organizat-in-capitala-mii-de-credinciosi-sunt-asteptati_67150014818476668b218c92\">A \u00eenceput OFICIAL cel mai mare pelerinaj organizat \u00een Capital\u0103. Mii de credincio\u0219i sunt a\u0219tepta\u021bi<\/a><\/p>","protected":false},"excerpt":{"rendered":"<p>Roman subliniaz\u0103 \u00een mod special promisiunile lui Ciolacu \u00een domeniul fiscalit\u0103\u021bii, men\u021bion\u00e2nd c\u0103, de\u0219i propune&hellip;<\/p>\n","protected":false},"author":0,"featured_media":284,"comment_status":"open","ping_status":"open","sticky":false,"template":"","format":"standard","meta":{"footnotes":""},"categories":[2],"tags":[],"class_list":["post-292","post","type-post","status-publish","format-standard","has-post-thumbnail","hentry","category-actual"],"_links":{"self":[{"href":"https:\/\/247stiri.ro\/index.php\/wp-json\/wp\/v2\/posts\/292","targetHints":{"allow":["GET"]}}],"collection":[{"href":"https:\/\/247stiri.ro\/index.php\/wp-json\/wp\/v2\/posts"}],"about":[{"href":"https:\/\/247stiri.ro\/index.php\/wp-json\/wp\/v2\/types\/post"}],"replies":[{"embeddable":true,"href":"https:\/\/247stiri.ro\/index.php\/wp-json\/wp\/v2\/comments?post=292"}],"version-history":[{"count":0,"href":"https:\/\/247stiri.ro\/index.php\/wp-json\/wp\/v2\/posts\/292\/revisions"}],"wp:featuredmedia":[{"embeddable":true,"href":"https:\/\/247stiri.ro\/index.php\/wp-json\/wp\/v2\/media\/284"}],"wp:attachment":[{"href":"https:\/\/247stiri.ro\/index.php\/wp-json\/wp\/v2\/media?parent=292"}],"wp:term":[{"taxonomy":"category","embeddable":true,"href":"https:\/\/247stiri.ro\/index.php\/wp-json\/wp\/v2\/categories?post=292"},{"taxonomy":"post_tag","embeddable":true,"href":"https:\/\/247stiri.ro\/index.php\/wp-json\/wp\/v2\/tags?post=292"}],"curies":[{"name":"wp","href":"https:\/\/api.w.org\/{rel}","templated":true}]}}