{"id":29660,"date":"2025-02-06T12:44:54","date_gmt":"2025-02-06T12:44:54","guid":{"rendered":"https:\/\/247stiri.ro\/index.php\/2025\/02\/06\/dupa-furtul-tezaurului-dacic-din-olanda-iese-la-iveala-un-scandal-asemanator-chiar-la-noi-in-tara-ce-s-a-furat-din-muzeu-sub-ochii-sefilor\/"},"modified":"2025-02-06T12:44:54","modified_gmt":"2025-02-06T12:44:54","slug":"dupa-furtul-tezaurului-dacic-din-olanda-iese-la-iveala-un-scandal-asemanator-chiar-la-noi-in-tara-ce-s-a-furat-din-muzeu-sub-ochii-sefilor","status":"publish","type":"post","link":"https:\/\/247stiri.ro\/index.php\/2025\/02\/06\/dupa-furtul-tezaurului-dacic-din-olanda-iese-la-iveala-un-scandal-asemanator-chiar-la-noi-in-tara-ce-s-a-furat-din-muzeu-sub-ochii-sefilor\/","title":{"rendered":"Dup\u0103 furtul tezaurului dacic din Olanda iese la iveal\u0103 un scandal asem\u0103n\u0103tor chiar la noi \u00een \u021bar\u0103. Ce s-a furat din muzeu sub ochii \u0219efilor"},"content":{"rendered":"<p>De altfel, femeia spune c\u0103 <a href=\"https:\/\/www.realitatea.net\/stiri\/actual\/politistii-lau-identificat-pe-al-patrulea-suspect-al-furtului-tezaurului-dacic-de-la-muzeul-din-olanda_67a265b885ca3c20aa6d6962\" target=\"_blank\">a reclamat problema<\/a> la mai multe institu\u021bii, inclusiv primarului, \u00eens\u0103, f\u0103r\u0103 rezultat. Culmea, dup\u0103 ce s-a aflat de demersurile pe care le face, managerul interimar al muzeului a decis s\u0103 o transfere la o bibliotec\u0103, pe un post diferit, <a href=\"https:\/\/www.realitatea.net\/stiri\/actual\/audieri-maraton-in-dosarul-furtului-tezaurului-dacic-fostul-ministru-al-culturii-ralcuca-turcan-ar-putea-ajunge-in-fata-procurorilor_67a0a01ced89510b445e3922\" target=\"_blank\">acuz\u0103 femeia.\u00a0<\/a><\/p>\n<p>Acuza\u021bii grave: primarul \u0219i institu\u021biile ridic\u0103 din umeri<\/p>\n<p>\u201eSunt surprins\u0103! Autorit\u0103\u021bile nu au reac\u021bie, de\u0219i au trecut 6 luni privind dispari\u021bia premiilor Ansamblului Mara. Dou\u0103 institu\u021bii importante ale Maramure\u0219ului&#8230;s\u0103 anun\u021be IPJ Maramure\u0219. Exist\u0103 dosare pe numele manager interimar. \u00cen institu\u021bie abuz &#8211; h\u0103r\u021buire fa\u021b\u0103 de angaja\u021bi. Azi ne reprezent\u0103m pe noi dou\u0103.\u201d, spune femeia.<\/p>","protected":false},"excerpt":{"rendered":"<p>De altfel, femeia spune c\u0103 a reclamat problema la mai multe institu\u021bii, inclusiv primarului, \u00eens\u0103,&hellip;<\/p>\n","protected":false},"author":0,"featured_media":29661,"comment_status":"open","ping_status":"open","sticky":false,"template":"","format":"standard","meta":{"footnotes":""},"categories":[2],"tags":[],"class_list":["post-29660","post","type-post","status-publish","format-standard","has-post-thumbnail","hentry","category-actual"],"_links":{"self":[{"href":"https:\/\/247stiri.ro\/index.php\/wp-json\/wp\/v2\/posts\/29660","targetHints":{"allow":["GET"]}}],"collection":[{"href":"https:\/\/247stiri.ro\/index.php\/wp-json\/wp\/v2\/posts"}],"about":[{"href":"https:\/\/247stiri.ro\/index.php\/wp-json\/wp\/v2\/types\/post"}],"replies":[{"embeddable":true,"href":"https:\/\/247stiri.ro\/index.php\/wp-json\/wp\/v2\/comments?post=29660"}],"version-history":[{"count":0,"href":"https:\/\/247stiri.ro\/index.php\/wp-json\/wp\/v2\/posts\/29660\/revisions"}],"wp:featuredmedia":[{"embeddable":true,"href":"https:\/\/247stiri.ro\/index.php\/wp-json\/wp\/v2\/media\/29661"}],"wp:attachment":[{"href":"https:\/\/247stiri.ro\/index.php\/wp-json\/wp\/v2\/media?parent=29660"}],"wp:term":[{"taxonomy":"category","embeddable":true,"href":"https:\/\/247stiri.ro\/index.php\/wp-json\/wp\/v2\/categories?post=29660"},{"taxonomy":"post_tag","embeddable":true,"href":"https:\/\/247stiri.ro\/index.php\/wp-json\/wp\/v2\/tags?post=29660"}],"curies":[{"name":"wp","href":"https:\/\/api.w.org\/{rel}","templated":true}]}}