{"id":29662,"date":"2025-02-06T12:44:55","date_gmt":"2025-02-06T12:44:55","guid":{"rendered":"https:\/\/247stiri.ro\/index.php\/2025\/02\/06\/crin-antonescu-intervine-in-scandalul-din-educatie-elevii-care-termina-un-liceu-trebuie-sa-faca-istoria-romaniei-fara-niciun-fel-de-discutie\/"},"modified":"2025-02-06T12:44:55","modified_gmt":"2025-02-06T12:44:55","slug":"crin-antonescu-intervine-in-scandalul-din-educatie-elevii-care-termina-un-liceu-trebuie-sa-faca-istoria-romaniei-fara-niciun-fel-de-discutie","status":"publish","type":"post","link":"https:\/\/247stiri.ro\/index.php\/2025\/02\/06\/crin-antonescu-intervine-in-scandalul-din-educatie-elevii-care-termina-un-liceu-trebuie-sa-faca-istoria-romaniei-fara-niciun-fel-de-discutie\/","title":{"rendered":"Crin Antonescu intervine \u00een scandalul din Educa\u021bie. \u201dElevii care termin\u0103 un liceu trebuie s\u0103 fac\u0103 istoria Rom\u00e2niei f\u0103r\u0103 niciun fel de discu\u021bie\u201d"},"content":{"rendered":"<p>Fostul pre\u0219edinte liberal care la baz\u0103 este profesor de istorie a spus c\u0103 \u00eei d\u0103 dreptate lui Adrian Cioroianu \u0219i a men\u021bionat c\u0103 indiferent de profilul la care se afl\u0103 elevii de liceu, ace\u0219tia trebuie s\u0103 studieze Istoria, dar \u0219i Geografia Rom\u00e2niei.\u00a0<\/p>\n<p>\u201dAm v\u0103zut cu coada ochiului, o \u00eenregistrare, o disput\u0103 la o televiziune \u00eentre dl ministru \u0219i profesorul Cioroianu pe aceast\u0103 tem\u0103. Pentru c\u0103 nu avem timp, v\u0103 spun clar: eu cred c\u0103 pozi\u021bia corect\u0103 este cea a profesorului Cioroianu. Cred c\u0103 indiferent c\u0103 dac\u0103 facem biochimie, fizic\u0103, matematic\u0103, indiferent ce, elevii din Rom\u00e2nia care termin\u0103 un liceu trebuie s\u0103 fac\u0103 Istoria Rom\u00e2niei, Geografia Rom\u00e2niei, f\u0103r\u0103 niciun fel de discu\u021bie\u201d, a declarat <a href=\"https:\/\/www.realitatea.net\/stiri\/actual\/crin-antonescu-promite-ca-nu-se-retrage-din-cursa-pentru-cotroceni-indiferent-de-sondajele-politice_67a3ddf923a85a0c275bdc03\" target=\"_blank\">Crin Antonescu.\u00a0<\/a><\/p>\n<p>Candidatul coali\u021biei la pre\u0219edin\u021bia Rom\u00e2niei consider\u0103 c\u0103 specialit\u0103\u021bi precum Istoria Holocaustului sau Istoria minorit\u0103\u021bilor sunt foarte bine venite, \u00eens\u0103 ele trebuie incluse \u00een capitolele c\u0103r\u021bilor de istorie.\u00a0<\/p>\n<p>\u201dC\u0103 specialit\u0103\u021bi de genul istoria Holocaustului sau Istoria minorit\u0103\u021bilor sunt foarte bine venite, \u00een calitate de capitole \u00een istorie. \u00cen mod fundamental, istorie universal\u0103 p\u00e2n\u0103 la un punct \u0219i istoria Rom\u00e2niei p\u00e2n\u0103 la cap\u0103t, adic\u0103 p\u00e2n\u0103 \u00een clasele terminale. Este absolut necesar\u0103, nu din motive politice, c\u0103 ne-a apucat patriotismul acum pe to\u021bi, ci din motive fundamentale de educa\u021bie a unor cet\u0103\u021beni. Oric\u00e2t de europeni vom fi, oric\u00e2t de cet\u0103\u021beni ai universului suntem, e limpede c\u0103 \u00een mod fundamental suntem rom\u00e2ni, francezi, americani sau chinezi\u201d, a mai transmis Crin Antonescu.<\/p>","protected":false},"excerpt":{"rendered":"<p>Fostul pre\u0219edinte liberal care la baz\u0103 este profesor de istorie a spus c\u0103 \u00eei d\u0103&hellip;<\/p>\n","protected":false},"author":0,"featured_media":29649,"comment_status":"open","ping_status":"open","sticky":false,"template":"","format":"standard","meta":{"footnotes":""},"categories":[2],"tags":[],"class_list":["post-29662","post","type-post","status-publish","format-standard","has-post-thumbnail","hentry","category-actual"],"_links":{"self":[{"href":"https:\/\/247stiri.ro\/index.php\/wp-json\/wp\/v2\/posts\/29662","targetHints":{"allow":["GET"]}}],"collection":[{"href":"https:\/\/247stiri.ro\/index.php\/wp-json\/wp\/v2\/posts"}],"about":[{"href":"https:\/\/247stiri.ro\/index.php\/wp-json\/wp\/v2\/types\/post"}],"replies":[{"embeddable":true,"href":"https:\/\/247stiri.ro\/index.php\/wp-json\/wp\/v2\/comments?post=29662"}],"version-history":[{"count":0,"href":"https:\/\/247stiri.ro\/index.php\/wp-json\/wp\/v2\/posts\/29662\/revisions"}],"wp:featuredmedia":[{"embeddable":true,"href":"https:\/\/247stiri.ro\/index.php\/wp-json\/wp\/v2\/media\/29649"}],"wp:attachment":[{"href":"https:\/\/247stiri.ro\/index.php\/wp-json\/wp\/v2\/media?parent=29662"}],"wp:term":[{"taxonomy":"category","embeddable":true,"href":"https:\/\/247stiri.ro\/index.php\/wp-json\/wp\/v2\/categories?post=29662"},{"taxonomy":"post_tag","embeddable":true,"href":"https:\/\/247stiri.ro\/index.php\/wp-json\/wp\/v2\/tags?post=29662"}],"curies":[{"name":"wp","href":"https:\/\/api.w.org\/{rel}","templated":true}]}}