{"id":29676,"date":"2025-02-06T13:44:48","date_gmt":"2025-02-06T13:44:48","guid":{"rendered":"https:\/\/247stiri.ro\/index.php\/2025\/02\/06\/ministrul-apararii-romania-va-continua-sa-asigure-tot-sprijinul-necesar-pentru-grupul-de-lupta-nato-din-romania\/"},"modified":"2025-02-06T13:44:48","modified_gmt":"2025-02-06T13:44:48","slug":"ministrul-apararii-romania-va-continua-sa-asigure-tot-sprijinul-necesar-pentru-grupul-de-lupta-nato-din-romania","status":"publish","type":"post","link":"https:\/\/247stiri.ro\/index.php\/2025\/02\/06\/ministrul-apararii-romania-va-continua-sa-asigure-tot-sprijinul-necesar-pentru-grupul-de-lupta-nato-din-romania\/","title":{"rendered":"Ministrul Ap\u0103r\u0103rii: Rom\u00e2nia va continua s\u0103 asigure tot sprijinul necesar pentru Grupul de Lupt\u0103 NATO din Rom\u00e2nia"},"content":{"rendered":"<p>Potrivit unui mesaj publicat de T\u00eelv\u0103r pe Facebook, discu\u021biile de la Bucure\u0219ti au vizat cooperarea \u00een cadrul NATO, \u00een special consolidarea Grupului de Lupt\u0103 NATO din Rom\u00e2nia, unde Fran\u021ba este na\u021biune-cadru.<\/p>\n<p>&#8222;Cooperarea cu partenerul strategic francez continu\u0103 trendul ascendent, prezen\u021ba Fran\u021bei al\u0103turi de militari din Belgia, Luxemburg \u0219i Spania reprezint\u0103 un semnal puternic al solidarit\u0103\u021bii aliate \u0219i o recunoa\u0219tere a rolului strategic al regiunii M\u0103rii Negre. Rom\u00e2nia va continua s\u0103 asigure tot sprijinul necesar \u00een calitatea sa de na\u021biune gazd\u0103 pentru Grupul de Lupt\u0103 NATO din Rom\u00e2nia&#8221;, a completat ministrul rom\u00e2n.<\/p>\n<p>\u00cen perspectiva preg\u0103tirii deciziilor care vor fi luate de liderii alia\u021bi la viitorul Summit de la Haga, din luna iunie, cei doi oficiali au discutat despre relevan\u021ba asigur\u0103rii securit\u0103\u021bii \u00een regiunea M\u0103rii Negre, un aspect esen\u021bial fiind importan\u021ba continu\u0103rii sprijinirii partenerilor din aceast\u0103 zon\u0103, Ucraina \u0219i Republica Moldova, arat\u0103 un comunicat al MApN.<\/p>\n<p>&#8222;Av\u00e2nd \u00een vedere intensificarea ac\u021biunilor hibride ale Federa\u021biei Ruse \u00een regiunea M\u0103rii Negre \u0219i pe \u00eentregul Flanc estic al Alian\u021bei, consider\u0103m necesar men\u021binerea ca prioritate pe agenda aliat\u0103 a unor m\u0103suri colective \u0219i robuste de contracarare a acestora, inclusiv \u00een perspectiva viitorului Summit NATO&#8221;, a men\u021bionat ministrul Ap\u0103r\u0103rii Na\u021bionale.<\/p>\n<p>De asemenea, Angel T\u00eelv\u0103r \u0219i Benjamin Haddad au abordat \u0219i subiecte referitoare la cooperarea \u00een cadrul Uniunii Europene, \u00een contextul \u00een care se \u00eencearc\u0103 identificarea unor modalit\u0103\u021bi concrete de consolidare a capacit\u0103\u021bilor de ap\u0103rare la nivelul UE, inclusiv din perspectiva preg\u0103tirilor primei Carte Albe dedicate ap\u0103r\u0103rii europene.\u00a0<\/p>\n<p>\u00a0<\/p>","protected":false},"excerpt":{"rendered":"<p>Potrivit unui mesaj publicat de T\u00eelv\u0103r pe Facebook, discu\u021biile de la Bucure\u0219ti au vizat cooperarea&hellip;<\/p>\n","protected":false},"author":0,"featured_media":29671,"comment_status":"open","ping_status":"open","sticky":false,"template":"","format":"standard","meta":{"footnotes":""},"categories":[3],"tags":[],"class_list":["post-29676","post","type-post","status-publish","format-standard","has-post-thumbnail","hentry","category-politica"],"_links":{"self":[{"href":"https:\/\/247stiri.ro\/index.php\/wp-json\/wp\/v2\/posts\/29676","targetHints":{"allow":["GET"]}}],"collection":[{"href":"https:\/\/247stiri.ro\/index.php\/wp-json\/wp\/v2\/posts"}],"about":[{"href":"https:\/\/247stiri.ro\/index.php\/wp-json\/wp\/v2\/types\/post"}],"replies":[{"embeddable":true,"href":"https:\/\/247stiri.ro\/index.php\/wp-json\/wp\/v2\/comments?post=29676"}],"version-history":[{"count":0,"href":"https:\/\/247stiri.ro\/index.php\/wp-json\/wp\/v2\/posts\/29676\/revisions"}],"wp:featuredmedia":[{"embeddable":true,"href":"https:\/\/247stiri.ro\/index.php\/wp-json\/wp\/v2\/media\/29671"}],"wp:attachment":[{"href":"https:\/\/247stiri.ro\/index.php\/wp-json\/wp\/v2\/media?parent=29676"}],"wp:term":[{"taxonomy":"category","embeddable":true,"href":"https:\/\/247stiri.ro\/index.php\/wp-json\/wp\/v2\/categories?post=29676"},{"taxonomy":"post_tag","embeddable":true,"href":"https:\/\/247stiri.ro\/index.php\/wp-json\/wp\/v2\/tags?post=29676"}],"curies":[{"name":"wp","href":"https:\/\/api.w.org\/{rel}","templated":true}]}}