{"id":29688,"date":"2025-02-06T14:44:48","date_gmt":"2025-02-06T14:44:48","guid":{"rendered":"https:\/\/247stiri.ro\/index.php\/2025\/02\/06\/mitica-dragomir-i-au-facut-o-mare-nedreptate-lui-calin-georgescu-iohannis-a-fost-fortat-de-sefii-ue-sa-anuleze-alegerile\/"},"modified":"2025-02-06T14:44:48","modified_gmt":"2025-02-06T14:44:48","slug":"mitica-dragomir-i-au-facut-o-mare-nedreptate-lui-calin-georgescu-iohannis-a-fost-fortat-de-sefii-ue-sa-anuleze-alegerile","status":"publish","type":"post","link":"https:\/\/247stiri.ro\/index.php\/2025\/02\/06\/mitica-dragomir-i-au-facut-o-mare-nedreptate-lui-calin-georgescu-iohannis-a-fost-fortat-de-sefii-ue-sa-anuleze-alegerile\/","title":{"rendered":"Mitic\u0103 Dragomir: \u201eI-au f\u0103cut o mare nedreptate lui C\u0103lin Georgescu! Iohannis a fost for\u021bat de \u0219efii UE s\u0103 anuleze alegerile!\u201d"},"content":{"rendered":"<p>Mitic\u0103 Dragomir: \u201eDoar un ordin de peste ocean poate rezolva!\u201d<\/p>\n<p>\u201eN-a f\u0103cut-o de capul lui&#8230;toat\u0103 t\u00e2mpenia asta&#8230; ce i-o fi trebuit, nu pot s\u0103 \u00een\u021beleg. Ce i-o fi trebuit s\u0103 mai r\u0103m\u00e2n\u0103 o perioad\u0103 acolo&#8230;c\u00e2teva milioane de dolari \u00een plus, dar am senza\u021bia c\u0103 a fost for\u021bat de conducerea UE s\u0103 fac\u0103 gestul acesta pentru c\u0103 \u00eei st\u0103teau \u00een g\u00e2t declara\u021biile domnului Georgescu pe care l-au \u0219i executat prin CCR.<\/p>\n<p>S-a f\u0103cut o mare nedreptate, se persist\u0103 acum din gre\u0219eal\u0103 \u00een gre\u0219eal\u0103, ajung\u00e2ndu-se la scandaluri f\u0103r\u0103 precedent. Absolut pe toat\u0103 lumea a \u00eencurcat domnul Iohannis. Dac\u0103 pleca \u0219i dac\u0103 nu privea a\u0219a cu z\u00e2mbetul pe fa\u021b\u0103 ordinele UE, nici CCR nu d\u0103dea abera\u021bia asta pe care a dat-o.<\/p>\n<p>Cei care au preluat fr\u00e2iele puterii ei sunt c\u00e2\u0219tig\u0103torii. Eu stau \u0219i m\u0103 minunez dac\u0103 vine lumina de peste ocean \u0219i s\u0103 regleze lucrurile, dac\u0103 nu, trebuie s\u0103 ne a\u0219tept\u0103m c\u0103 vor fi noi alegeri. Dac\u0103 \u00eei vor da voie, domnul Georgescu s\u0103 concureze, e un joc de glezn\u0103 \u0219i nu mai concureaz\u0103. P\u0103rerea mea, e c\u0103 se bag\u0103 Nicu\u0219or \u0219i Crin Antonescu, \u00een rest nu se bag\u0103 nimeni. Dac\u0103 nu \u00eei d\u0103 voie domnul Georgescu s\u0103 concureze, convingerea mea este c\u0103 nu numai \u00eentre Nicu\u0219or Dan \u0219i Crin se va duce lupta.\u201d, a zis <a href=\"https:\/\/www.realitatea.net\/stiri\/politica\/mitica-dragomir-il-demoleaza-pe-victor-ponta-are-atat-de-multe-lacune-si-fisuri_6790f23f1935d65df4005503\" target=\"_blank\">Mitic\u0103 Dragomir.<\/a><\/p>","protected":false},"excerpt":{"rendered":"<p>Mitic\u0103 Dragomir: \u201eDoar un ordin de peste ocean poate rezolva!\u201d \u201eN-a f\u0103cut-o de capul lui&#8230;toat\u0103&hellip;<\/p>\n","protected":false},"author":0,"featured_media":29689,"comment_status":"open","ping_status":"open","sticky":false,"template":"","format":"standard","meta":{"footnotes":""},"categories":[3],"tags":[],"class_list":["post-29688","post","type-post","status-publish","format-standard","has-post-thumbnail","hentry","category-politica"],"_links":{"self":[{"href":"https:\/\/247stiri.ro\/index.php\/wp-json\/wp\/v2\/posts\/29688","targetHints":{"allow":["GET"]}}],"collection":[{"href":"https:\/\/247stiri.ro\/index.php\/wp-json\/wp\/v2\/posts"}],"about":[{"href":"https:\/\/247stiri.ro\/index.php\/wp-json\/wp\/v2\/types\/post"}],"replies":[{"embeddable":true,"href":"https:\/\/247stiri.ro\/index.php\/wp-json\/wp\/v2\/comments?post=29688"}],"version-history":[{"count":0,"href":"https:\/\/247stiri.ro\/index.php\/wp-json\/wp\/v2\/posts\/29688\/revisions"}],"wp:featuredmedia":[{"embeddable":true,"href":"https:\/\/247stiri.ro\/index.php\/wp-json\/wp\/v2\/media\/29689"}],"wp:attachment":[{"href":"https:\/\/247stiri.ro\/index.php\/wp-json\/wp\/v2\/media?parent=29688"}],"wp:term":[{"taxonomy":"category","embeddable":true,"href":"https:\/\/247stiri.ro\/index.php\/wp-json\/wp\/v2\/categories?post=29688"},{"taxonomy":"post_tag","embeddable":true,"href":"https:\/\/247stiri.ro\/index.php\/wp-json\/wp\/v2\/tags?post=29688"}],"curies":[{"name":"wp","href":"https:\/\/api.w.org\/{rel}","templated":true}]}}