{"id":29692,"date":"2025-02-06T14:44:49","date_gmt":"2025-02-06T14:44:49","guid":{"rendered":"https:\/\/247stiri.ro\/index.php\/2025\/02\/06\/o-eleva-de-15-ani-a-cazut-de-la-etajul-unui-internat-din-targu-secuiesc-politia-a-pornit-o-ancheta-pentru-a-stabili-cum-s-a-produs-incidentul\/"},"modified":"2025-02-06T14:44:49","modified_gmt":"2025-02-06T14:44:49","slug":"o-eleva-de-15-ani-a-cazut-de-la-etajul-unui-internat-din-targu-secuiesc-politia-a-pornit-o-ancheta-pentru-a-stabili-cum-s-a-produs-incidentul","status":"publish","type":"post","link":"https:\/\/247stiri.ro\/index.php\/2025\/02\/06\/o-eleva-de-15-ani-a-cazut-de-la-etajul-unui-internat-din-targu-secuiesc-politia-a-pornit-o-ancheta-pentru-a-stabili-cum-s-a-produs-incidentul\/","title":{"rendered":"O elev\u0103 de 15 ani a c\u0103zut de la etajul unui internat din T\u00e2rgu Secuiesc. Poli\u021bia a pornit o anchet\u0103 pentru a stabili cum s-a produs incidentul"},"content":{"rendered":"<p>Potrivit IPJ Covasna, poli\u0163i\u015ftii au fost sesiza\u0163i, joi, c\u0103 o elev\u0103 a unui liceu din T\u00e2rgu Secuiesc s-ar fi accidentat \u00een urma unui incident petrecut \u00een curtea \u015fcolii.<\/p>\n<p>\u201dPrimele verific\u0103ri efectuate de poli\u0163i\u015ftii ajun\u015fi la fa\u0163a locului au relevat date potrivit c\u0103rora fata de 15 ani s-ar fi precipitat de la unul din etajele superioare ale cl\u0103dirii internatului apar\u0163in\u00e2nd unit\u0103\u0163ii \u015fcolare unde aceasta \u00eenva\u0163\u0103. Minora a fost transportat\u0103 la o unitate medical\u0103 pentru \u00eengrijiri de specialitate, aceasta prezent\u00e2nd multiple fracturi \u00een zona membrelor inferioare\u201d, a ar\u0103tat sursa citat\u0103.<\/p>\n<p>Poli\u0163i\u015ftii continu\u0103 verific\u0103rile, sub coordonarea unui procuror, pentru a l\u0103muri toate circumstan\u0163ele producerii acestui incident.<\/p>\n<p>\u201d\u00cen paralel, la nivelul Biroului Siguran\u0163a \u015ecolar\u0103 au fost activate mecanismele de colaborare cu reprezentan\u0163ii unit\u0103\u0163ii de \u00eenv\u0103\u0163\u0103m\u00e2nt, p\u0103rin\u0163ii elevei, dar \u015fi cu celelalte institu\u0163ii cu atribu\u0163ii \u00een gestionarea unor astfel de cazuri, pentru desf\u0103\u015furarea activit\u0103\u0163ilor specifice de interven\u0163ie \u015fi sprijin\u201d, a precizat IPJ.<\/p>","protected":false},"excerpt":{"rendered":"<p>Potrivit IPJ Covasna, poli\u0163i\u015ftii au fost sesiza\u0163i, joi, c\u0103 o elev\u0103 a unui liceu din&hellip;<\/p>\n","protected":false},"author":0,"featured_media":29693,"comment_status":"open","ping_status":"open","sticky":false,"template":"","format":"standard","meta":{"footnotes":""},"categories":[2],"tags":[],"class_list":["post-29692","post","type-post","status-publish","format-standard","has-post-thumbnail","hentry","category-actual"],"_links":{"self":[{"href":"https:\/\/247stiri.ro\/index.php\/wp-json\/wp\/v2\/posts\/29692","targetHints":{"allow":["GET"]}}],"collection":[{"href":"https:\/\/247stiri.ro\/index.php\/wp-json\/wp\/v2\/posts"}],"about":[{"href":"https:\/\/247stiri.ro\/index.php\/wp-json\/wp\/v2\/types\/post"}],"replies":[{"embeddable":true,"href":"https:\/\/247stiri.ro\/index.php\/wp-json\/wp\/v2\/comments?post=29692"}],"version-history":[{"count":0,"href":"https:\/\/247stiri.ro\/index.php\/wp-json\/wp\/v2\/posts\/29692\/revisions"}],"wp:featuredmedia":[{"embeddable":true,"href":"https:\/\/247stiri.ro\/index.php\/wp-json\/wp\/v2\/media\/29693"}],"wp:attachment":[{"href":"https:\/\/247stiri.ro\/index.php\/wp-json\/wp\/v2\/media?parent=29692"}],"wp:term":[{"taxonomy":"category","embeddable":true,"href":"https:\/\/247stiri.ro\/index.php\/wp-json\/wp\/v2\/categories?post=29692"},{"taxonomy":"post_tag","embeddable":true,"href":"https:\/\/247stiri.ro\/index.php\/wp-json\/wp\/v2\/tags?post=29692"}],"curies":[{"name":"wp","href":"https:\/\/api.w.org\/{rel}","templated":true}]}}