{"id":29696,"date":"2025-02-06T14:44:51","date_gmt":"2025-02-06T14:44:51","guid":{"rendered":"https:\/\/247stiri.ro\/index.php\/2025\/02\/06\/maghiari-deranjati-ca-medicul-le-a-cerut-sa-vorbeasca-in-romana-scandal-in-plina-strada\/"},"modified":"2025-02-06T14:44:51","modified_gmt":"2025-02-06T14:44:51","slug":"maghiari-deranjati-ca-medicul-le-a-cerut-sa-vorbeasca-in-romana-scandal-in-plina-strada","status":"publish","type":"post","link":"https:\/\/247stiri.ro\/index.php\/2025\/02\/06\/maghiari-deranjati-ca-medicul-le-a-cerut-sa-vorbeasca-in-romana-scandal-in-plina-strada\/","title":{"rendered":"Maghiari deranja\u021bi c\u0103 medicul le-a cerut s\u0103 vorbeasc\u0103 \u00een rom\u00e2n\u0103. Scandal \u00een plin\u0103 strad\u0103"},"content":{"rendered":"<p>Un medic de pe ambulan\u021b\u0103 cere unei familii de maghiar\u0103 s\u0103 vorbeasc\u0103 \u00een rom\u00e2n\u0103<\/p>\n<p>Potrivit rudelor, medicul ar fi insistat de dou\u0103 ori ca ace\u0219tia s\u0103 nu mai <a href=\"https:\/\/www.realitatea.net\/stiri\/actual\/tineri-romani-plecati-la-munca-sclavi-in-ungaria-patronii-maghiari-ii-cazau-in-beciuri-si-baraci-cum-erau-ademeniti_6738ba7c9016761d2b2cfc52\" target=\"_blank\">vorbeasc\u0103 \u00een maghiar\u0103<\/a> \u00een prezen\u021ba sa, \u00een timp ce trata un b\u0103rbat suspectat de AVC. Directorul Serviciului Jude\u0163ean de Ambulan\u0163\u0103 Cluj a anun\u021bat deschiderea unei anchete interne.\u00a0<\/p>\n<p>Totu\u0219i, acesta a declarat c\u0103 medicul \u0219i-ar fi \u00eendeplinit atribu\u021biile \u201eimpecabil\u201d, iar solicitarea de a folosi limba rom\u00e2n\u0103 ar fi avut scopul de a ob\u021bine informa\u021bii clare despre starea pacientului.<\/p>\n<p>\u00a0Deputatul UDMR Botond Csoma a declarat c\u0103 astfel de situa\u021bii nu ar trebui s\u0103 aib\u0103 loc \u00eentr-un ora\u0219 cu o comunitate maghiar\u0103 semnificativ\u0103.\u00a0<\/p>\n<p><a href=\"https:\/\/www.realitatea.net\/stiri\/actual\/tribunalul-a-dispus-inlaturarea-drapelului-secuiesc-arborat-in-comuna-in-care-trei-sferuri-din-locuitori-sau-declarat-maghiari_672a3a501a3b826c5b0e0037\" target=\"_blank\">Ancheta este \u00een desf\u0103\u0219urare<\/a>, iar cazul a atras aten\u021bia presei din Ungaria, care urm\u0103re\u0219te \u00eendeaproape evolu\u021bia situa\u021biei.<\/p>","protected":false},"excerpt":{"rendered":"<p>Un medic de pe ambulan\u021b\u0103 cere unei familii de maghiar\u0103 s\u0103 vorbeasc\u0103 \u00een rom\u00e2n\u0103 Potrivit&hellip;<\/p>\n","protected":false},"author":0,"featured_media":29697,"comment_status":"open","ping_status":"open","sticky":false,"template":"","format":"standard","meta":{"footnotes":""},"categories":[2],"tags":[],"class_list":["post-29696","post","type-post","status-publish","format-standard","has-post-thumbnail","hentry","category-actual"],"_links":{"self":[{"href":"https:\/\/247stiri.ro\/index.php\/wp-json\/wp\/v2\/posts\/29696","targetHints":{"allow":["GET"]}}],"collection":[{"href":"https:\/\/247stiri.ro\/index.php\/wp-json\/wp\/v2\/posts"}],"about":[{"href":"https:\/\/247stiri.ro\/index.php\/wp-json\/wp\/v2\/types\/post"}],"replies":[{"embeddable":true,"href":"https:\/\/247stiri.ro\/index.php\/wp-json\/wp\/v2\/comments?post=29696"}],"version-history":[{"count":0,"href":"https:\/\/247stiri.ro\/index.php\/wp-json\/wp\/v2\/posts\/29696\/revisions"}],"wp:featuredmedia":[{"embeddable":true,"href":"https:\/\/247stiri.ro\/index.php\/wp-json\/wp\/v2\/media\/29697"}],"wp:attachment":[{"href":"https:\/\/247stiri.ro\/index.php\/wp-json\/wp\/v2\/media?parent=29696"}],"wp:term":[{"taxonomy":"category","embeddable":true,"href":"https:\/\/247stiri.ro\/index.php\/wp-json\/wp\/v2\/categories?post=29696"},{"taxonomy":"post_tag","embeddable":true,"href":"https:\/\/247stiri.ro\/index.php\/wp-json\/wp\/v2\/tags?post=29696"}],"curies":[{"name":"wp","href":"https:\/\/api.w.org\/{rel}","templated":true}]}}