{"id":29698,"date":"2025-02-06T14:44:51","date_gmt":"2025-02-06T14:44:51","guid":{"rendered":"https:\/\/247stiri.ro\/index.php\/2025\/02\/06\/celebrul-pianist-si-dirijor-daniel-barenboim-a-anuntat-ca-sufera-de-parkinson\/"},"modified":"2025-02-06T14:44:51","modified_gmt":"2025-02-06T14:44:51","slug":"celebrul-pianist-si-dirijor-daniel-barenboim-a-anuntat-ca-sufera-de-parkinson","status":"publish","type":"post","link":"https:\/\/247stiri.ro\/index.php\/2025\/02\/06\/celebrul-pianist-si-dirijor-daniel-barenboim-a-anuntat-ca-sufera-de-parkinson\/","title":{"rendered":"Celebrul pianist \u015fi dirijor Daniel Barenboim a anun\u0163at c\u0103 sufer\u0103 de Parkinson"},"content":{"rendered":"<p>\u201eMul\u0163i oameni au fost \u00eengrijora\u0163i de s\u0103n\u0103tatea mea \u015fi am fost foarte emo\u0163ionat de sprijinul pe care l-am primit \u00een ultimii trei ani\u201d, a declarat maestrul israeliano-argentinian \u00een v\u00e2rst\u0103 de 82 de ani.<\/p>\n<p>\u00cen urm\u0103 cu pu\u0163in peste doi ani, \u00een ianuarie 2023, el s-a retras din func\u0163ia de director al Operei din Berlin, pe care a condus-o timp de 30 de ani, din \u201emotive de s\u0103n\u0103tate\u201d. Cu trei luni \u00eenainte, el anun\u0163ase c\u0103 sufer\u0103 de o \u201eboal\u0103 neurologic\u0103 grav\u0103\u201d.<\/p>\n<p>Daniel Barenboim a declarat joi c\u0103 dore\u015fte s\u0103 \u201emen\u0163in\u0103 c\u00e2t mai multe angajamente profesionale\u201d, \u00een ciuda st\u0103rii sale de s\u0103n\u0103tate.<\/p>\n<p>Sus\u0163in\u0103tor de lung\u0103 durat\u0103 al negocierilor de pace \u00een Orientul Mijlociu, maestrul a subliniat, de asemenea, c\u0103 el consider\u0103 c\u0103 \u201eresponsabilitatea sa cea mai important\u0103\u201d este West-Eastern Divan, o orchestr\u0103 fondat\u0103 \u00een 1999 cu regretatul intelectual palestinian Edward Said, ai c\u0103rei muzicieni din Orientul Mijlociu c\u00e2nt\u0103 \u00een \u00eentreaga lume.<\/p>\n<p>\u201eEste esen\u0163ial pentru mine s\u0103 asigur stabilitatea \u015fi dezvoltarea pe termen lung a orchestrei\u201d, a spus el \u00een declara\u0163ie.<\/p>\n<p>\u201eVoi continua s\u0103 dirijez West-Eastern Divan ori de c\u00e2te ori s\u0103n\u0103tatea \u00eemi va permite. \u00cen acela\u015fi timp, voi juca un rol activ pentru a m\u0103 asigura c\u0103 Divanul are posibilitatea de a lucra cu al\u0163i dirijori excelen\u0163i \u00een viitor\u201d, a ad\u0103ugat el.<\/p>\n<p>Pe l\u00e2ng\u0103 West-Eastern Divan, Daniel Barenboim a \u00eenfiin\u0163at \u00een 2016 Academia Barenboim-Sa\u00efd din Berlin, unde tineri virtuozi israelieni \u015fi arabi primesc o preg\u0103tire de \u00eenalt nivel, combin\u00e2nd muzica, filosofia, istoria \u015fi literatura. Ace\u015ftia sus\u0163in \u00een mod regulat concerte, uneori dirijate de Daniel Barenboim.<\/p>","protected":false},"excerpt":{"rendered":"<p>\u201eMul\u0163i oameni au fost \u00eengrijora\u0163i de s\u0103n\u0103tatea mea \u015fi am fost foarte emo\u0163ionat de sprijinul&hellip;<\/p>\n","protected":false},"author":0,"featured_media":29699,"comment_status":"open","ping_status":"open","sticky":false,"template":"","format":"standard","meta":{"footnotes":""},"categories":[2],"tags":[],"class_list":["post-29698","post","type-post","status-publish","format-standard","has-post-thumbnail","hentry","category-actual"],"_links":{"self":[{"href":"https:\/\/247stiri.ro\/index.php\/wp-json\/wp\/v2\/posts\/29698","targetHints":{"allow":["GET"]}}],"collection":[{"href":"https:\/\/247stiri.ro\/index.php\/wp-json\/wp\/v2\/posts"}],"about":[{"href":"https:\/\/247stiri.ro\/index.php\/wp-json\/wp\/v2\/types\/post"}],"replies":[{"embeddable":true,"href":"https:\/\/247stiri.ro\/index.php\/wp-json\/wp\/v2\/comments?post=29698"}],"version-history":[{"count":0,"href":"https:\/\/247stiri.ro\/index.php\/wp-json\/wp\/v2\/posts\/29698\/revisions"}],"wp:featuredmedia":[{"embeddable":true,"href":"https:\/\/247stiri.ro\/index.php\/wp-json\/wp\/v2\/media\/29699"}],"wp:attachment":[{"href":"https:\/\/247stiri.ro\/index.php\/wp-json\/wp\/v2\/media?parent=29698"}],"wp:term":[{"taxonomy":"category","embeddable":true,"href":"https:\/\/247stiri.ro\/index.php\/wp-json\/wp\/v2\/categories?post=29698"},{"taxonomy":"post_tag","embeddable":true,"href":"https:\/\/247stiri.ro\/index.php\/wp-json\/wp\/v2\/tags?post=29698"}],"curies":[{"name":"wp","href":"https:\/\/api.w.org\/{rel}","templated":true}]}}