{"id":29706,"date":"2025-02-06T14:44:53","date_gmt":"2025-02-06T14:44:53","guid":{"rendered":"https:\/\/247stiri.ro\/index.php\/2025\/02\/06\/alexandru-rafila-despre-inchiderea-scolilor-din-cauza-virozelor-respiratorii-si-a-gripei-cred-ca-e-cea-mai-buna-solutie\/"},"modified":"2025-02-06T14:44:53","modified_gmt":"2025-02-06T14:44:53","slug":"alexandru-rafila-despre-inchiderea-scolilor-din-cauza-virozelor-respiratorii-si-a-gripei-cred-ca-e-cea-mai-buna-solutie","status":"publish","type":"post","link":"https:\/\/247stiri.ro\/index.php\/2025\/02\/06\/alexandru-rafila-despre-inchiderea-scolilor-din-cauza-virozelor-respiratorii-si-a-gripei-cred-ca-e-cea-mai-buna-solutie\/","title":{"rendered":"Alexandru Rafila, despre \u00eenchiderea \u0219colilor din cauza virozelor respiratorii \u0219i a gripei: \u201dCred c\u0103 e cea mai bun\u0103 solu\u021bie\u201d"},"content":{"rendered":"<p>\u0218eful de la S\u0103n\u0103tate a transmis c\u0103 nu este adeptul \u00eenchiderii \u0219colilor \u0219i a subliniat c\u0103 elevii cu <a href=\"https:\/\/www.realitatea.net\/stiri\/actual\/numar-record-de-cazuri-de-gripa-si-rujeola-in-romania-sectiile-sunt-pline-iar-medicii-nu-mai-fac-fata-valului-de-imbolnaviri-avertismentul-specialistilor_67a486d682ed71428218afd2\" target=\"_blank\">infec\u021bii respiratorii<\/a> nu trebuie trimi\u0219i \u00een colectivitate.<\/p>\n<p>\u201dAm spus acest lucru \u00eenc\u0103 de la \u00eenceput: nu sunt un adept al \u00eenchiderii \u0219colilor. Cred c\u0103 dac\u0103 fiecare inspectorat \u0219colar sau fiecare \u0219coal\u0103 ia m\u0103surile despre care discut\u0103m de ani de zile, respectiv informarea prealabil\u0103 a p\u0103rin\u021bilor, \u00eenc\u00e2t dac\u0103 sunt copii cu infec\u021bii respiratorii s\u0103 nu \u00eei trimit\u0103 \u00een colectivitate, iar dac\u0103 ace\u0219ti copii, care au infec\u021bii respiratorii vin \u00een mediul \u0219colar \u0219i prezint\u0103 simptomatologie de infec\u021bie respiratorie, atunci s\u0103 ia leg\u0103tura cu familia, s\u0103-i izoleze. Cred c\u0103 e cea mai bun\u0103 solu\u021bie s\u0103 men\u021binem activitatea didactic\u0103 \u00een func\u021biune&#8221;&#8221;, a declarat Alexandru Rafila \u00een cadrul unei conferin\u021be de pres\u0103 sus\u021binute la Palatul Victoria.<\/p>\n<p>De asemenea, oficialul a afirmat c\u0103 \u00een timpul pandemiei de Coronavirus\u00a0 foarte multe familii au fost traumatizate de m\u0103surile excesive luate de autorit\u0103\u021bi \u00een ceea ce prive\u0219te \u00eenchiderea \u0219colilor.\u00a0<\/p>\n<p>\u201dEu, sigur, nu pot s\u0103 zic c\u0103 eu personal am fost traumatizat, dar foarte mul\u021bi copii, foarte multe familii au fost traumatizate de m\u0103surile excesive care au fost luate \u00een pandemie \u00een ceea ce prive\u0219te \u00eenchiderea \u0219colilor. \u021ain minte, c\u00e2nd s-au \u00eenchis \u0219colile \u00een Rom\u00e2nia, aveam la nivel na\u021bional 35 de cazuri de infec\u021bie cu COVID-19 \u00eentr-o s\u0103pt\u0103m\u00e2n\u0103, deci aveam c\u00e2teva cazuri pe zi, \u0219i s-a luat decizia \u00eenchiderii \u0219colilor. Eu, \u0219i atunci, c\u00e2nd am f\u0103cut parte dintr-un comitet tehnic, care a fost la un moment dat consultat, mi-am exprimat acela\u0219i punct de vedere\u201d, a mai spus Alexandru Rafila.<\/p>\n<p>Cu toate acestea, ministrul a admis faptul c\u0103 pot exista situa\u021bii punctuale, dac\u0103 num\u0103rul de \u00eemboln\u0103viri dintr-o clas\u0103 e foarte mare \u0219i a men\u021bionat c\u0103 o astfel de m\u0103sur\u0103 va fi discutat\u0103 la nivelul Direc\u021biei de S\u0103n\u0103tate Public\u0103.<\/p>\n<p>\u201dSigur, pot fi situa\u021bii punctuale, \u00eentr-o anumit\u0103 clas\u0103, unde num\u0103rul de \u00eemboln\u0103viri e foarte mare, dar nu trebuie s\u0103 existe o regul\u0103 \u00een \u00eenchiderea unit\u0103\u021bilor \u0219colare \u00een aceast\u0103 perioad\u0103. Dar, repet, m\u0103surile le vom discuta cu fiecare direc\u021bie de s\u0103n\u0103tate public\u0103 \u00een parte, care trebuie s\u0103 reprezinte organismul autorit\u0103\u021bii Ministerului S\u0103n\u0103t\u0103\u021bii \u00een teritoriu, care trebuie consultat c\u00e2nd se inten\u021bioneaz\u0103 luarea unor astfel de m\u0103suri\u201d, a conchis \u0219eful de la S\u0103n\u0103tate.<\/p>","protected":false},"excerpt":{"rendered":"<p>\u0218eful de la S\u0103n\u0103tate a transmis c\u0103 nu este adeptul \u00eenchiderii \u0219colilor \u0219i a subliniat&hellip;<\/p>\n","protected":false},"author":0,"featured_media":29707,"comment_status":"open","ping_status":"open","sticky":false,"template":"","format":"standard","meta":{"footnotes":""},"categories":[2],"tags":[],"class_list":["post-29706","post","type-post","status-publish","format-standard","has-post-thumbnail","hentry","category-actual"],"_links":{"self":[{"href":"https:\/\/247stiri.ro\/index.php\/wp-json\/wp\/v2\/posts\/29706","targetHints":{"allow":["GET"]}}],"collection":[{"href":"https:\/\/247stiri.ro\/index.php\/wp-json\/wp\/v2\/posts"}],"about":[{"href":"https:\/\/247stiri.ro\/index.php\/wp-json\/wp\/v2\/types\/post"}],"replies":[{"embeddable":true,"href":"https:\/\/247stiri.ro\/index.php\/wp-json\/wp\/v2\/comments?post=29706"}],"version-history":[{"count":0,"href":"https:\/\/247stiri.ro\/index.php\/wp-json\/wp\/v2\/posts\/29706\/revisions"}],"wp:featuredmedia":[{"embeddable":true,"href":"https:\/\/247stiri.ro\/index.php\/wp-json\/wp\/v2\/media\/29707"}],"wp:attachment":[{"href":"https:\/\/247stiri.ro\/index.php\/wp-json\/wp\/v2\/media?parent=29706"}],"wp:term":[{"taxonomy":"category","embeddable":true,"href":"https:\/\/247stiri.ro\/index.php\/wp-json\/wp\/v2\/categories?post=29706"},{"taxonomy":"post_tag","embeddable":true,"href":"https:\/\/247stiri.ro\/index.php\/wp-json\/wp\/v2\/tags?post=29706"}],"curies":[{"name":"wp","href":"https:\/\/api.w.org\/{rel}","templated":true}]}}