{"id":29710,"date":"2025-02-06T14:44:55","date_gmt":"2025-02-06T14:44:55","guid":{"rendered":"https:\/\/247stiri.ro\/index.php\/2025\/02\/06\/laura-vicol-scoasa-din-arestul-central-al-politiei-capitalei-ca-sa-ajunga-la-medic-pentru-un-control-de-urgenta\/"},"modified":"2025-02-06T14:44:55","modified_gmt":"2025-02-06T14:44:55","slug":"laura-vicol-scoasa-din-arestul-central-al-politiei-capitalei-ca-sa-ajunga-la-medic-pentru-un-control-de-urgenta","status":"publish","type":"post","link":"https:\/\/247stiri.ro\/index.php\/2025\/02\/06\/laura-vicol-scoasa-din-arestul-central-al-politiei-capitalei-ca-sa-ajunga-la-medic-pentru-un-control-de-urgenta\/","title":{"rendered":"Laura Vicol, scoas\u0103 din arestul central al Poli\u021biei Capitalei ca s\u0103 ajung\u0103 la medic pentru un control de urgen\u021b\u0103"},"content":{"rendered":"<p>Vicol \u0219i so\u021bul s\u0103u, aresta\u021bi preventiv<\/p>\n<p>Laura Vicol \u0219i Vladimir Ciorb\u0103 au primit arest preventiv. Judec\u0103torii Cur\u021bii de Apel au decis, miercuri, arestarea preventiv\u0103 pentru 30 de zile a fostului deputat PSD Laura Vicol \u0219i a so\u021bului acesteia, Vladimir Ciorb\u0103, principalul ac\u021bionar Nordis.<\/p>\n<p>Decizia de miercuri a instan\u021bei nu este definitiv\u0103 \u0219i poate fi contestat\u0103. Nu sunt singurele persoane vizate de o astfel de m\u0103sur\u0103.<\/p>\n<p>Unsprezece persoane au fost re\u0163inute ini\u021bial \u00een dosarul Nordis \u2013 printre acestea afl\u00e2ndu-se fosta \u015fef\u0103 a Comisiei Juridice din Camera Deputa\u0163ilor, Laura Vicol, \u015fi so\u0163ul ei, Vladimir Ciorb\u0103. Cei doi au fost du\u0219i la Curtea de Apel Bucure\u015fti cu propunere de arestare preventiv\u0103 pentru 30 de zile.<\/p>\n<p>De asemenea, alte dou\u0103 persoane au fost plasate sub control judiciar \u00een acest dosar.<\/p>\n<p>\u00cen urma perchezi\u0163iilor, procurorii au ridicat peste 50 de sisteme informatice \u015fi dispozitive de stocare a datelor, sume de bani, dar \u015fi obiecte de lux, printre care ceasuri, bijuterii \u015fi gen\u0163i.<\/p>\n<p>\u201eLa datele de 3 \u0219i 4 februarie 2025, procurorii Direc\u021biei de Investigare a Infrac\u021biunilor de Criminalitate Organizat\u0103 \u0219i Terorism \u2013 Structura Central\u0103 au dispus re\u021binerea a 11 inculpa\u021bi (7 b\u0103rba\u021bi \u0219i 4 femei) \u0219i m\u0103sura controlului judiciar fa\u021b\u0103 de 2 inculpa\u021bi, cerceta\u021bi pentru s\u0103v\u00e2r\u0219irea infrac\u021biunilor de constituirea unui grup infrac\u021bional organizat, delapidare cu consecin\u021be deosebit de grave, sp\u0103lare a banilor, evaziune fiscal\u0103, \u00een\u0219el\u0103ciune cu consecin\u021be deosebit de grave, stabilirea cu rea-credin\u021b\u0103 de c\u0103tre contribuabil a impozitelor, taxelor sau contribu\u021biilor, av\u00e2nd ca rezultat ob\u021binerea, f\u0103r\u0103 drept, a unor sume de bani cu titlu de ramburs\u0103ri sau restituiri de la bugetul general consolidat ori compens\u0103ri datorate bugetului general consolidat, toate \u00een form\u0103 continuat\u0103.<\/p>\n<p><a href=\"https:\/\/www.realitatea.net\/stiri\/actual\/dosarul-nordis-laura-vicol-vladimir-ciorba-si-emanuel-postoaca-arestati-preventiv-30-de-zile-video_67a38e9568d21c3cdd1eddb2\" target=\"_blank\">Dosarul Nordis. Laura Vicol, Vladimir Ciorb\u0103 \u0219i Emanuel Po\u0219toac\u0103, aresta\u021bi preventiv 30 de zile VIDEO<\/a><\/p>\n<p>\u00cen urma perchezi\u021biilor efectuate au fost identificate \u0219i ridicate peste 50 de sisteme informatice \u0219i dispozitive de stocare a datelor (laptopuri, tablete, un server, memory stick-uri \u0219i hard-diskuri externe), telefoane mobile, sume de bani \u00een lei, euro \u0219i alte monede, \u00eenscrisuri, obiecte de lux ( ceasuri, bijuterii \u0219i gen\u021bi ce poart\u0103 \u00eensemnele unor m\u0103rci cunoscute), precum \u0219i alte mijloace de prob\u0103.<\/p>\n<p>Ast\u0103zi, urmeaz\u0103 s\u0103 fie sesizat judec\u0103torul de drepturi \u0219i libert\u0103\u021bi din cadrul Cur\u021bii de Apel Bucure\u0219ti cu propunerea de arestare preventiv\u0103 a inculpa\u021bilor re\u021binu\u021bi, pentru o perioad\u0103 de 30 de zile.\u201d, s-a precizat \u00eentr-un comunicat DIICOT transmis mar\u021bi, 4 februarie.<\/p>","protected":false},"excerpt":{"rendered":"<p>Vicol \u0219i so\u021bul s\u0103u, aresta\u021bi preventiv Laura Vicol \u0219i Vladimir Ciorb\u0103 au primit arest preventiv.&hellip;<\/p>\n","protected":false},"author":0,"featured_media":29691,"comment_status":"open","ping_status":"open","sticky":false,"template":"","format":"standard","meta":{"footnotes":""},"categories":[2],"tags":[],"class_list":["post-29710","post","type-post","status-publish","format-standard","has-post-thumbnail","hentry","category-actual"],"_links":{"self":[{"href":"https:\/\/247stiri.ro\/index.php\/wp-json\/wp\/v2\/posts\/29710","targetHints":{"allow":["GET"]}}],"collection":[{"href":"https:\/\/247stiri.ro\/index.php\/wp-json\/wp\/v2\/posts"}],"about":[{"href":"https:\/\/247stiri.ro\/index.php\/wp-json\/wp\/v2\/types\/post"}],"replies":[{"embeddable":true,"href":"https:\/\/247stiri.ro\/index.php\/wp-json\/wp\/v2\/comments?post=29710"}],"version-history":[{"count":0,"href":"https:\/\/247stiri.ro\/index.php\/wp-json\/wp\/v2\/posts\/29710\/revisions"}],"wp:featuredmedia":[{"embeddable":true,"href":"https:\/\/247stiri.ro\/index.php\/wp-json\/wp\/v2\/media\/29691"}],"wp:attachment":[{"href":"https:\/\/247stiri.ro\/index.php\/wp-json\/wp\/v2\/media?parent=29710"}],"wp:term":[{"taxonomy":"category","embeddable":true,"href":"https:\/\/247stiri.ro\/index.php\/wp-json\/wp\/v2\/categories?post=29710"},{"taxonomy":"post_tag","embeddable":true,"href":"https:\/\/247stiri.ro\/index.php\/wp-json\/wp\/v2\/tags?post=29710"}],"curies":[{"name":"wp","href":"https:\/\/api.w.org\/{rel}","templated":true}]}}