{"id":29713,"date":"2025-02-06T15:45:28","date_gmt":"2025-02-06T15:45:28","guid":{"rendered":"https:\/\/247stiri.ro\/index.php\/2025\/02\/06\/vanzarile-tesla-in-europa-afectate-de-activitatea-politica-a-lui-elon-musk-in-ce-tari-s-au-inregistrat-cele-mai-mari-scaderi\/"},"modified":"2025-02-06T15:45:28","modified_gmt":"2025-02-06T15:45:28","slug":"vanzarile-tesla-in-europa-afectate-de-activitatea-politica-a-lui-elon-musk-in-ce-tari-s-au-inregistrat-cele-mai-mari-scaderi","status":"publish","type":"post","link":"https:\/\/247stiri.ro\/index.php\/2025\/02\/06\/vanzarile-tesla-in-europa-afectate-de-activitatea-politica-a-lui-elon-musk-in-ce-tari-s-au-inregistrat-cele-mai-mari-scaderi\/","title":{"rendered":"V\u00e2nz\u0103rile Tesla \u00een Europa, afectate de activitatea politic\u0103 a lui Elon Musk. \u00cen ce \u021b\u0103ri s-au \u00eenregistrat cele mai mari sc\u0103deri"},"content":{"rendered":"<p>V\u00e2nz\u0103rile companiei Tesla s-au pr\u0103bu\u0219it cu 59% \u00een Germania, pe fondul unei reac\u021bii \u00eempotriva activismului politic al lui Elon Musk \u0219i a amestecului \u00een politica regional\u0103, relateaz\u0103\u00a0Financial Times.<\/p>\n<p>Analistul auto Matthias Schmidt a spus c\u0103 unul dintre factorii din spatele sc\u0103derii v\u00e2nz\u0103rilor Tesla \u00een Germania ar putea fi faptul c\u0103 consumatorii a\u0219teptau modelul Y modernizat, programat pentru prima jum\u0103tate a anului 2025. Cu toate acestea, al\u021bi exper\u021bi au acuzat \u0219i o reac\u021bie \u00eempotriva implic\u0103rii politice a lui Musk.<\/p>\n<p>Interven\u021bia lui Musk \u00een viitoarele alegeri federale din Germania a contribuit probabil la acest rezultat. Un sondaj realizat la jum\u0103tatea lunii ianuarie a ar\u0103tat c\u0103 CEO-ul era v\u0103zut \u00een mod nefavorabil \u0219i c\u0103 interven\u021biile sale politice nu erau binevenite.<\/p>\n<p>Musk a avut o interven\u021bie f\u0103r\u0103 precedent \u00een politica german\u0103 \u00eenaintea alegerilor federale din 23 februarie, devenind cel mai puternic\u00a0sus\u021bin\u0103tor al forma\u021biunii de extrem\u0103 dreapta Alternativa pentru Germania (AfD).<\/p>\n<p>De asemenea, Musk a atras critici aspre\u00a0din partea cancelarului Olaf Scholz\u00a0\u0219i a liderului cre\u0219tin-democrat Friedrich Merz pentru c\u0103 sus\u021bine un partid care a cerut deport\u0103ri \u00een mas\u0103 a migran\u021bilor, care folose\u0219te lozinci din epoca nazist\u0103 \u0219i este par\u021bial clasificat drept extremist de dreapta de c\u0103tre agen\u021bia de informa\u021bii intern\u0103 a Germaniei.\u00a0<\/p>\n<p>\u00cen Fran\u021ba, v\u00e2nz\u0103rile Tesla\u00a0au sc\u0103zut cu 63% \u00een ianuarie, iar \u00een Marea Britanie, \u00eenregistr\u0103rile au sc\u0103zut cu 12%, \u00een ianuarie.<\/p>\n<p>Sc\u0103deri importante au fost \u00eenregistrate \u0219i \u00een Suedia (-44%), Norvegia (-38%) \u0219i Olanda (-42%).<\/p>","protected":false},"excerpt":{"rendered":"<p>V\u00e2nz\u0103rile companiei Tesla s-au pr\u0103bu\u0219it cu 59% \u00een Germania, pe fondul unei reac\u021bii \u00eempotriva activismului&hellip;<\/p>\n","protected":false},"author":0,"featured_media":29714,"comment_status":"open","ping_status":"open","sticky":false,"template":"","format":"standard","meta":{"footnotes":""},"categories":[2],"tags":[],"class_list":["post-29713","post","type-post","status-publish","format-standard","has-post-thumbnail","hentry","category-actual"],"_links":{"self":[{"href":"https:\/\/247stiri.ro\/index.php\/wp-json\/wp\/v2\/posts\/29713","targetHints":{"allow":["GET"]}}],"collection":[{"href":"https:\/\/247stiri.ro\/index.php\/wp-json\/wp\/v2\/posts"}],"about":[{"href":"https:\/\/247stiri.ro\/index.php\/wp-json\/wp\/v2\/types\/post"}],"replies":[{"embeddable":true,"href":"https:\/\/247stiri.ro\/index.php\/wp-json\/wp\/v2\/comments?post=29713"}],"version-history":[{"count":0,"href":"https:\/\/247stiri.ro\/index.php\/wp-json\/wp\/v2\/posts\/29713\/revisions"}],"wp:featuredmedia":[{"embeddable":true,"href":"https:\/\/247stiri.ro\/index.php\/wp-json\/wp\/v2\/media\/29714"}],"wp:attachment":[{"href":"https:\/\/247stiri.ro\/index.php\/wp-json\/wp\/v2\/media?parent=29713"}],"wp:term":[{"taxonomy":"category","embeddable":true,"href":"https:\/\/247stiri.ro\/index.php\/wp-json\/wp\/v2\/categories?post=29713"},{"taxonomy":"post_tag","embeddable":true,"href":"https:\/\/247stiri.ro\/index.php\/wp-json\/wp\/v2\/tags?post=29713"}],"curies":[{"name":"wp","href":"https:\/\/api.w.org\/{rel}","templated":true}]}}