{"id":29715,"date":"2025-02-06T15:45:28","date_gmt":"2025-02-06T15:45:28","guid":{"rendered":"https:\/\/247stiri.ro\/index.php\/2025\/02\/06\/kanye-west-anunta-ca-a-fost-diagnosticat-cu-autism\/"},"modified":"2025-02-06T15:45:28","modified_gmt":"2025-02-06T15:45:28","slug":"kanye-west-anunta-ca-a-fost-diagnosticat-cu-autism","status":"publish","type":"post","link":"https:\/\/247stiri.ro\/index.php\/2025\/02\/06\/kanye-west-anunta-ca-a-fost-diagnosticat-cu-autism\/","title":{"rendered":"Kanye West anun\u0163\u0103 c\u0103 a fost diagnosticat cu autism"},"content":{"rendered":"<p>Vorbind cu Justin Laboy la podcastul s\u0103u The Download, West, care acum poart\u0103 numele Ye, a spus c\u0103 so\u0163ia sa Bianca Censori i-a sugerat s\u0103 fie rediagnosticat. \u201eAm fost la acest doctor &#8230; So\u0163ia mea m-a dus s\u0103 fac asta pentru c\u0103 a spus: \u201eCeva \u00een personalitatea ta nu pare a fi bipolar, am mai v\u0103zut bipolar \u00eenainte\u201d. \u015ei am ajuns s\u0103 aflu c\u0103 de fapt am un caz de autism\u201d.\u00a0<\/p>\n<p>El a spus c\u0103 diagnosticul l-a ajutat s\u0103 \u00een\u0163eleag\u0103 mai bine unele dintre modelele sale comportamentale, cum ar fi \u00een 2018, c\u00e2nd a purtat o \u015fapc\u0103 pe care scria Make America Great Again \u015fi l-a l\u0103udat pe Donald Trump, spun\u00e2nd inclusiv \u201emafia nu m\u0103 poate face s\u0103 nu-l iubesc\u201d.<\/p>\n<p>\u201eAutismul te duce la o chestie gen Rain Man\u201d, a spus West. \u201e&#8217;Voi purta aceast\u0103 p\u0103l\u0103rie Trump pentru c\u0103 \u00eemi place Trump \u00een general&#8217;. \u015ei apoi, c\u00e2nd oamenii \u00ee\u0163i spun s\u0103 nu o faci, r\u0103m\u00e2i doar pe acel punct. \u015ei asta e problema mea\u201d.<\/p>\n<p>\u201eC\u00e2nd fanii \u00eemi spun s\u0103-mi fac albumul \u00eentr-un anumit fel, \u00eel voi face \u00een mod opus\u201d, a ad\u0103ugat el, f\u0103c\u00e2nd referire la titlul hitului s\u0103u \u201eCan&#8217;t Tell Me Nothing\u201d. El l-a men\u0163ionat pe prietenul \u015fi fostul s\u0103u manager Don C, spun\u00e2nd: \u201eA fost at\u00e2t de greu pentru el pentru c\u0103 m\u0103 iube\u015fte. Este at\u00e2t de dificil pentru ei, pentru c\u0103 este ca un om \u00een toat\u0103 firea &#8211; nu po\u0163i controla contul s\u0103u bancar, nu po\u0163i controla ce spun pe Twitter\u201d.<\/p>\n<p>Autismul nu este o boal\u0103 mintal\u0103. Dar \u00een 2020, Kim Kardashian, pe atunci so\u0163ia lui West, a recunoscut \u00een mod similar dificultatea de a gestiona s\u0103n\u0103tatea mintal\u0103 a lui West.<\/p>\n<p>West a declarat c\u0103 nu mai ia medicamente pentru s\u0103n\u0103tatea sa mintal\u0103; deoarece autismul nu este o boal\u0103, acesta nu se trateaz\u0103 medicamentos.<\/p>","protected":false},"excerpt":{"rendered":"<p>Vorbind cu Justin Laboy la podcastul s\u0103u The Download, West, care acum poart\u0103 numele Ye,&hellip;<\/p>\n","protected":false},"author":0,"featured_media":29716,"comment_status":"open","ping_status":"open","sticky":false,"template":"","format":"standard","meta":{"footnotes":""},"categories":[2],"tags":[],"class_list":["post-29715","post","type-post","status-publish","format-standard","has-post-thumbnail","hentry","category-actual"],"_links":{"self":[{"href":"https:\/\/247stiri.ro\/index.php\/wp-json\/wp\/v2\/posts\/29715","targetHints":{"allow":["GET"]}}],"collection":[{"href":"https:\/\/247stiri.ro\/index.php\/wp-json\/wp\/v2\/posts"}],"about":[{"href":"https:\/\/247stiri.ro\/index.php\/wp-json\/wp\/v2\/types\/post"}],"replies":[{"embeddable":true,"href":"https:\/\/247stiri.ro\/index.php\/wp-json\/wp\/v2\/comments?post=29715"}],"version-history":[{"count":0,"href":"https:\/\/247stiri.ro\/index.php\/wp-json\/wp\/v2\/posts\/29715\/revisions"}],"wp:featuredmedia":[{"embeddable":true,"href":"https:\/\/247stiri.ro\/index.php\/wp-json\/wp\/v2\/media\/29716"}],"wp:attachment":[{"href":"https:\/\/247stiri.ro\/index.php\/wp-json\/wp\/v2\/media?parent=29715"}],"wp:term":[{"taxonomy":"category","embeddable":true,"href":"https:\/\/247stiri.ro\/index.php\/wp-json\/wp\/v2\/categories?post=29715"},{"taxonomy":"post_tag","embeddable":true,"href":"https:\/\/247stiri.ro\/index.php\/wp-json\/wp\/v2\/tags?post=29715"}],"curies":[{"name":"wp","href":"https:\/\/api.w.org\/{rel}","templated":true}]}}