{"id":29719,"date":"2025-02-06T15:45:29","date_gmt":"2025-02-06T15:45:29","guid":{"rendered":"https:\/\/247stiri.ro\/index.php\/2025\/02\/06\/alerta-de-covrigi-in-magazinele-lidl-doua-sortimente-retrase-exista-risc-de-leziuni-la-nivelul-gurii-si-senzatie-de-arsura\/"},"modified":"2025-02-06T15:45:29","modified_gmt":"2025-02-06T15:45:29","slug":"alerta-de-covrigi-in-magazinele-lidl-doua-sortimente-retrase-exista-risc-de-leziuni-la-nivelul-gurii-si-senzatie-de-arsura","status":"publish","type":"post","link":"https:\/\/247stiri.ro\/index.php\/2025\/02\/06\/alerta-de-covrigi-in-magazinele-lidl-doua-sortimente-retrase-exista-risc-de-leziuni-la-nivelul-gurii-si-senzatie-de-arsura\/","title":{"rendered":"ALERT\u0102 de covrigi \u00een magazinele Lidl. Dou\u0103 sortimente retrase, exist\u0103 risc de leziuni la nivelul gurii \u0219i senza\u021bie de arsur\u0103"},"content":{"rendered":"<p>\u00a0Lan\u021bul de magazine Lidl a anun\u021bat retragerea de la comercializare a produselor \u201eCovrigi cu sare \u0219i ciocolat\u0103 neagr\u0103\u201d \u0219i \u201eCovrigi cu sare \u0219i ciocolat\u0103 cu lapte\u201d cu termenul de valabilitate 28.02.2025.<\/p>\n<p>\u201eProduc\u0103torul Felf\u00f6ldi \u00c9dess\u00e9ggy\u00e1rt\u00f3 Kft. recheam\u0103 \u00een prezent produsul \u201eALPENFEST Covrigi cu sare \u0219i ciocolat\u0103 sorta\u021bi, 140g\u201d cu termenul de valabilitate 28.02.2025 \u0219i lotul 8511. Nu se poate exclude faptul c\u0103, \u00een urma consumului produsului men\u021bionat, acesta poate provoca o senza\u021bie de arsur\u0103 \u0219i leziuni la nivelul gurii.<\/p>\n<p>Din cauza acestui poten\u021bial risc pentru s\u0103n\u0103tate, clien\u021bii trebuie s\u0103 fie con\u0219tien\u021bi de retragere \u0219i s\u0103 nu consume produsul afectat.<\/p>\n<p>\u00a0<\/p>\n<p>Produsele pot fi returnate \u00een toate magazinele Lidl. Contravaloarea produsului, va fi returnat\u0103, chiar \u0219i f\u0103r\u0103 prezentarea bonului fiscal.<\/p>","protected":false},"excerpt":{"rendered":"<p>\u00a0Lan\u021bul de magazine Lidl a anun\u021bat retragerea de la comercializare a produselor \u201eCovrigi cu sare&hellip;<\/p>\n","protected":false},"author":0,"featured_media":29720,"comment_status":"open","ping_status":"open","sticky":false,"template":"","format":"standard","meta":{"footnotes":""},"categories":[2],"tags":[],"class_list":["post-29719","post","type-post","status-publish","format-standard","has-post-thumbnail","hentry","category-actual"],"_links":{"self":[{"href":"https:\/\/247stiri.ro\/index.php\/wp-json\/wp\/v2\/posts\/29719","targetHints":{"allow":["GET"]}}],"collection":[{"href":"https:\/\/247stiri.ro\/index.php\/wp-json\/wp\/v2\/posts"}],"about":[{"href":"https:\/\/247stiri.ro\/index.php\/wp-json\/wp\/v2\/types\/post"}],"replies":[{"embeddable":true,"href":"https:\/\/247stiri.ro\/index.php\/wp-json\/wp\/v2\/comments?post=29719"}],"version-history":[{"count":0,"href":"https:\/\/247stiri.ro\/index.php\/wp-json\/wp\/v2\/posts\/29719\/revisions"}],"wp:featuredmedia":[{"embeddable":true,"href":"https:\/\/247stiri.ro\/index.php\/wp-json\/wp\/v2\/media\/29720"}],"wp:attachment":[{"href":"https:\/\/247stiri.ro\/index.php\/wp-json\/wp\/v2\/media?parent=29719"}],"wp:term":[{"taxonomy":"category","embeddable":true,"href":"https:\/\/247stiri.ro\/index.php\/wp-json\/wp\/v2\/categories?post=29719"},{"taxonomy":"post_tag","embeddable":true,"href":"https:\/\/247stiri.ro\/index.php\/wp-json\/wp\/v2\/tags?post=29719"}],"curies":[{"name":"wp","href":"https:\/\/api.w.org\/{rel}","templated":true}]}}