{"id":29723,"date":"2025-02-06T15:45:30","date_gmt":"2025-02-06T15:45:30","guid":{"rendered":"https:\/\/247stiri.ro\/index.php\/2025\/02\/06\/compania-mvm-din-ungaria-crede-ca-va-pune-mana-pe-e-on-romania-pana-la-vara\/"},"modified":"2025-02-06T15:45:30","modified_gmt":"2025-02-06T15:45:30","slug":"compania-mvm-din-ungaria-crede-ca-va-pune-mana-pe-e-on-romania-pana-la-vara","status":"publish","type":"post","link":"https:\/\/247stiri.ro\/index.php\/2025\/02\/06\/compania-mvm-din-ungaria-crede-ca-va-pune-mana-pe-e-on-romania-pana-la-vara\/","title":{"rendered":"Compania MVM din Ungaria crede c\u0103 va pune m\u00e2na pe E.ON Rom\u00e2nia p\u00e2n\u0103 la var\u0103"},"content":{"rendered":"<p>Compania de stat ungar\u0103 MVM Zrt. (MVM Group) estimeaz\u0103 c\u0103 va finaliza preluarea pachetului majoritar de ac\u021biuni la divizia de furnizare gaze \u0219i energie electric\u0103 a E.ON Energie Rom\u00e2nia \u00een lunile iunie sau iulie, a declarat joi directorul MVM, Karoly Matrai, pentru portalul Portfolio.hu, citat de Agerpres.<\/p>\n<p>Grupul MVM a semnat \u00een decembrie 2023 un acord pentru achizi\u021bia a 68% din E.ON Energie Rom\u00e2nia \u0219i 98% din E.ON Asist Complet, iar finalizarea tranzac\u021biei este a\u0219teptat\u0103 \u00een 2025, dup\u0103 ob\u021binerea tuturor aprob\u0103rilor necesare. Valoarea tranzac\u021biei nu a fost f\u0103cut\u0103 public\u0103.<\/p>\n<p>Ministerul Energiei din Rom\u00e2nia a sesizat Comisia pentru Examinarea Investi\u021biilor Str\u0103ine Directe (CEISD), exprim\u00e2nd \u00eengrijor\u0103ri legate de impactul asupra securit\u0103\u021bii na\u021bionale, invoc\u00e2nd riscuri legate de posibila cesiune a ac\u021biunilor c\u0103tre entit\u0103\u021bi non-UE, leg\u0103turi ale companiei ungare cu Rusia, securitatea datelor a peste 3 milioane de utilizatori \u0219i lipsa transparen\u021bei cump\u0103r\u0103torului.<\/p>\n<p>\u00cen replic\u0103, Karoly Matrai a declarat c\u0103 MVM nu inten\u021bioneaz\u0103 s\u0103 v\u00e2nd\u0103 companiile achizi\u021bionate \u0219i va aproviziona subsidiara din Rom\u00e2nia cu gaze din surse locale, evit\u00e2nd costurile ridicate ale importului de gaze ruse\u0219ti.<\/p>\n<p>De asemenea, el a men\u021bionat c\u0103 aprob\u0103rile necesare ar putea fi ob\u021binute p\u00e2n\u0103 la sf\u00e2r\u0219itul celui de-al doilea trimestru, ceea ce ar permite respectarea termenului estimat pentru finalizarea tranzac\u021biei.<\/p>","protected":false},"excerpt":{"rendered":"<p>Compania de stat ungar\u0103 MVM Zrt. (MVM Group) estimeaz\u0103 c\u0103 va finaliza preluarea pachetului majoritar&hellip;<\/p>\n","protected":false},"author":0,"featured_media":29724,"comment_status":"open","ping_status":"open","sticky":false,"template":"","format":"standard","meta":{"footnotes":""},"categories":[2],"tags":[],"class_list":["post-29723","post","type-post","status-publish","format-standard","has-post-thumbnail","hentry","category-actual"],"_links":{"self":[{"href":"https:\/\/247stiri.ro\/index.php\/wp-json\/wp\/v2\/posts\/29723","targetHints":{"allow":["GET"]}}],"collection":[{"href":"https:\/\/247stiri.ro\/index.php\/wp-json\/wp\/v2\/posts"}],"about":[{"href":"https:\/\/247stiri.ro\/index.php\/wp-json\/wp\/v2\/types\/post"}],"replies":[{"embeddable":true,"href":"https:\/\/247stiri.ro\/index.php\/wp-json\/wp\/v2\/comments?post=29723"}],"version-history":[{"count":0,"href":"https:\/\/247stiri.ro\/index.php\/wp-json\/wp\/v2\/posts\/29723\/revisions"}],"wp:featuredmedia":[{"embeddable":true,"href":"https:\/\/247stiri.ro\/index.php\/wp-json\/wp\/v2\/media\/29724"}],"wp:attachment":[{"href":"https:\/\/247stiri.ro\/index.php\/wp-json\/wp\/v2\/media?parent=29723"}],"wp:term":[{"taxonomy":"category","embeddable":true,"href":"https:\/\/247stiri.ro\/index.php\/wp-json\/wp\/v2\/categories?post=29723"},{"taxonomy":"post_tag","embeddable":true,"href":"https:\/\/247stiri.ro\/index.php\/wp-json\/wp\/v2\/tags?post=29723"}],"curies":[{"name":"wp","href":"https:\/\/api.w.org\/{rel}","templated":true}]}}