{"id":29725,"date":"2025-02-06T15:45:31","date_gmt":"2025-02-06T15:45:31","guid":{"rendered":"https:\/\/247stiri.ro\/index.php\/2025\/02\/06\/un-barbat-l-a-jefuit-de-65-000-de-lei-pe-un-tanar-in-fata-unei-sali-de-jocuri-de-noroc-din-capitala\/"},"modified":"2025-02-06T15:45:31","modified_gmt":"2025-02-06T15:45:31","slug":"un-barbat-l-a-jefuit-de-65-000-de-lei-pe-un-tanar-in-fata-unei-sali-de-jocuri-de-noroc-din-capitala","status":"publish","type":"post","link":"https:\/\/247stiri.ro\/index.php\/2025\/02\/06\/un-barbat-l-a-jefuit-de-65-000-de-lei-pe-un-tanar-in-fata-unei-sali-de-jocuri-de-noroc-din-capitala\/","title":{"rendered":"Un b\u0103rbat l-a jefuit de 65.000 de lei pe un t\u00e2n\u0103r \u00een fa\u0163a unei s\u0103li de jocuri de noroc din Capital\u0103"},"content":{"rendered":"<p>Poli\u0163ia Capitalei a informat, joi, c\u0103 poli\u0163i\u015fti de la Sec\u0163ia 13 au pus \u00een aplicare un mandat de perchezi\u0163ie domiciliar\u0103, \u00eentr-un dosar penal de t\u00e2lh\u0103rie calificat\u0103.\u00a0\u201d\u00cen fapt, la data de 26 ianuarie 2025, poli\u0163i\u015fti din cadrul Sec\u0163iei 13 au fost sesiza\u0163i, de c\u0103tre un b\u0103rbat, \u00een v\u00e2rst\u0103 de 21 de ani, cu privire la faptul c\u0103, \u00een timp ce se afla \u00een fa\u0163a unei s\u0103li de jocuri, un alt b\u0103rbat, profit\u00e2nd de neaten\u0163ia sa, i-ar fi sustras suma de 65.000 de lei. \u00cen urma verific\u0103rilor efectuate s-a constatat faptul c\u0103 aspectele sesizate se confirm\u0103, iar \u00een urma investiga\u0163iilor efectuate a fost identificat un b\u0103rbat, \u00een v\u00e2rst\u0103 de 26 de ani, b\u0103nuit de comiterea faptei\u201d, a ar\u0103tat sursa citat\u0103.\u00a0Ca urmare, miercuri, poli\u0163i\u015ftii au f\u0103cut o perchezi\u0163ie \u00een urma c\u0103reia suspectul a fost g\u0103sit \u015fi dus la audieri. Ulterior, el a fost re\u0163inut pentru 24 de ore, urm\u00e2nd ca joi s\u0103 fie prezentat \u00een fa\u0163a magistra\u0163ilor cu propunere legal\u0103.\u00a0Cercet\u0103rile sunt continuate de c\u0103tre poli\u0163i\u015fti din cadrul Sec\u0163iei 13 Poli\u0163ie, sub supravegherea\u00a0 Parchetului de pe l\u00e2ng\u0103 Judec\u0103toria Sectorului 3, pentru t\u00e2lh\u0103rie calificat\u0103.<\/p>","protected":false},"excerpt":{"rendered":"<p>Poli\u0163ia Capitalei a informat, joi, c\u0103 poli\u0163i\u015fti de la Sec\u0163ia 13 au pus \u00een aplicare&hellip;<\/p>\n","protected":false},"author":0,"featured_media":29726,"comment_status":"open","ping_status":"open","sticky":false,"template":"","format":"standard","meta":{"footnotes":""},"categories":[2],"tags":[],"class_list":["post-29725","post","type-post","status-publish","format-standard","has-post-thumbnail","hentry","category-actual"],"_links":{"self":[{"href":"https:\/\/247stiri.ro\/index.php\/wp-json\/wp\/v2\/posts\/29725","targetHints":{"allow":["GET"]}}],"collection":[{"href":"https:\/\/247stiri.ro\/index.php\/wp-json\/wp\/v2\/posts"}],"about":[{"href":"https:\/\/247stiri.ro\/index.php\/wp-json\/wp\/v2\/types\/post"}],"replies":[{"embeddable":true,"href":"https:\/\/247stiri.ro\/index.php\/wp-json\/wp\/v2\/comments?post=29725"}],"version-history":[{"count":0,"href":"https:\/\/247stiri.ro\/index.php\/wp-json\/wp\/v2\/posts\/29725\/revisions"}],"wp:featuredmedia":[{"embeddable":true,"href":"https:\/\/247stiri.ro\/index.php\/wp-json\/wp\/v2\/media\/29726"}],"wp:attachment":[{"href":"https:\/\/247stiri.ro\/index.php\/wp-json\/wp\/v2\/media?parent=29725"}],"wp:term":[{"taxonomy":"category","embeddable":true,"href":"https:\/\/247stiri.ro\/index.php\/wp-json\/wp\/v2\/categories?post=29725"},{"taxonomy":"post_tag","embeddable":true,"href":"https:\/\/247stiri.ro\/index.php\/wp-json\/wp\/v2\/tags?post=29725"}],"curies":[{"name":"wp","href":"https:\/\/api.w.org\/{rel}","templated":true}]}}