{"id":29731,"date":"2025-02-06T16:44:49","date_gmt":"2025-02-06T16:44:49","guid":{"rendered":"https:\/\/247stiri.ro\/index.php\/2025\/02\/06\/atac-la-decizia-judecatoriei-mangalia-in-dosarul-criminalului-de-la-2-mai-vlad-pascu-partile-vatamate-si-biroul-asiguratorilor-de-autovehicule-contesta-sentinta\/"},"modified":"2025-02-06T16:44:49","modified_gmt":"2025-02-06T16:44:49","slug":"atac-la-decizia-judecatoriei-mangalia-in-dosarul-criminalului-de-la-2-mai-vlad-pascu-partile-vatamate-si-biroul-asiguratorilor-de-autovehicule-contesta-sentinta","status":"publish","type":"post","link":"https:\/\/247stiri.ro\/index.php\/2025\/02\/06\/atac-la-decizia-judecatoriei-mangalia-in-dosarul-criminalului-de-la-2-mai-vlad-pascu-partile-vatamate-si-biroul-asiguratorilor-de-autovehicule-contesta-sentinta\/","title":{"rendered":"Atac la decizia Judec\u0103toriei Mangalia \u00een dosarul criminalului de la 2 Mai, Vlad Pascu. P\u0103r\u021bile v\u0103t\u0103mate \u0219i Biroul Asiguratorilor de Autovehicule contest\u0103 sentin\u021ba"},"content":{"rendered":"<p>Dup\u0103 ce Vlad Pascu a atacat, mar\u0163i, condamnarea primit\u0103, familia tinerei moarte \u00een accidentul de la 2 Mai, persoanele r\u0103nite \u00een acela\u015fi eveniment rutier \u015fi Biroul Asiguratorilor de Autovehicule din Rom\u00e2nia au depus un apel la decizia Judec\u0103toriei Mangalia din 31 ianuarie.\u00a0Toate aceste apeluri vor fi judecate la Curtea de Apel Constan\u0163a.\u00a0\u00a0Vlad Pascu a fost condamnat, \u00een 31 ianuarie, de Judec\u0103toria Mangalia la 10 ani de \u00eenchisoare, pentru ucidere din culp\u0103, v\u0103t\u0103mare corporal\u0103 din culp\u0103, conducerea unui vehicul sub influen\u0163a alcoolului, p\u0103r\u0103sirea locului accidentului.\u00a0Judec\u0103toria Mangalia a hot\u0103r\u00e2t s\u0103 \u00eei interzic\u0103 lui Vlad Pascu dreptul s\u0103 fie ales sau s\u0103 ocupe o func\u0163ie care implic\u0103 exerci\u0163iul autorit\u0103\u0163ii de stat, dreptul de a conduce orice categorie de autovehicul, pe o perioad\u0103 de cinci ani de la executarea sau considerarea ca executat\u0103 a pedepsei \u00eenchisorii.\u00a0Instan\u0163a a mai stabilit ca din pedeapsa de zece ani de \u00eenchisoare s\u0103 i se scad\u0103 durata re\u0163inerii \u015fi a arest\u0103rii preventiv\u0103, de la 19 august 2023 \u015fi p\u00e2n\u0103 \u00een prezent.\u00a0Judec\u0103toria Mangalia a admis \u00een parte cererile p\u0103r\u0163ilor civile de acordare a daunelor morale. Astfel, instan\u0163a a obligat Biroul Asiguratorilor de Autovehicule din Rom\u00e2nia s\u0103 achite c\u0103tre familiile victimelor \u015fi c\u0103tre persoanele r\u0103nite peste 1,7 milioane de euro.\u00a0<\/p>","protected":false},"excerpt":{"rendered":"<p>Dup\u0103 ce Vlad Pascu a atacat, mar\u0163i, condamnarea primit\u0103, familia tinerei moarte \u00een accidentul de&hellip;<\/p>\n","protected":false},"author":0,"featured_media":29732,"comment_status":"open","ping_status":"open","sticky":false,"template":"","format":"standard","meta":{"footnotes":""},"categories":[2],"tags":[],"class_list":["post-29731","post","type-post","status-publish","format-standard","has-post-thumbnail","hentry","category-actual"],"_links":{"self":[{"href":"https:\/\/247stiri.ro\/index.php\/wp-json\/wp\/v2\/posts\/29731","targetHints":{"allow":["GET"]}}],"collection":[{"href":"https:\/\/247stiri.ro\/index.php\/wp-json\/wp\/v2\/posts"}],"about":[{"href":"https:\/\/247stiri.ro\/index.php\/wp-json\/wp\/v2\/types\/post"}],"replies":[{"embeddable":true,"href":"https:\/\/247stiri.ro\/index.php\/wp-json\/wp\/v2\/comments?post=29731"}],"version-history":[{"count":0,"href":"https:\/\/247stiri.ro\/index.php\/wp-json\/wp\/v2\/posts\/29731\/revisions"}],"wp:featuredmedia":[{"embeddable":true,"href":"https:\/\/247stiri.ro\/index.php\/wp-json\/wp\/v2\/media\/29732"}],"wp:attachment":[{"href":"https:\/\/247stiri.ro\/index.php\/wp-json\/wp\/v2\/media?parent=29731"}],"wp:term":[{"taxonomy":"category","embeddable":true,"href":"https:\/\/247stiri.ro\/index.php\/wp-json\/wp\/v2\/categories?post=29731"},{"taxonomy":"post_tag","embeddable":true,"href":"https:\/\/247stiri.ro\/index.php\/wp-json\/wp\/v2\/tags?post=29731"}],"curies":[{"name":"wp","href":"https:\/\/api.w.org\/{rel}","templated":true}]}}