{"id":29733,"date":"2025-02-06T16:44:50","date_gmt":"2025-02-06T16:44:50","guid":{"rendered":"https:\/\/247stiri.ro\/index.php\/2025\/02\/06\/faina-din-larve-de-gandaci-a-fost-autorizata-pentru-piata-alimentara-din-ue-ursula-von-der-leyen-a-semnat-documentul\/"},"modified":"2025-02-06T16:44:50","modified_gmt":"2025-02-06T16:44:50","slug":"faina-din-larve-de-gandaci-a-fost-autorizata-pentru-piata-alimentara-din-ue-ursula-von-der-leyen-a-semnat-documentul","status":"publish","type":"post","link":"https:\/\/247stiri.ro\/index.php\/2025\/02\/06\/faina-din-larve-de-gandaci-a-fost-autorizata-pentru-piata-alimentara-din-ue-ursula-von-der-leyen-a-semnat-documentul\/","title":{"rendered":"F\u0103ina din larve de g\u00e2ndaci a fost autorizat\u0103 pentru pia\u021ba alimentar\u0103 din UE. Ursula von der Leyen a semnat documentul"},"content":{"rendered":"<p>Conform regulamentului Comisiei Europene (CE), pudra tratat\u0103 cu UV din larve \u00eentregi de \u201eTenebrio molitor\u201d trebuie inclus\u0103 \u00een lista cu alimente noi a Uniunii Europene prev\u0103zut\u0103 \u00een Regulamentul de punere \u00een aplicare (UE) 2017\/2470, scrie Agrepres.<\/p>\n<p>Compania francez\u0103 Nutri\u2019Earth de\u021bine exclusivitate pentru comercializarea f\u0103inii de viermi galbeni de f\u0103in\u0103 pentru urm\u0103torii 5 ani.<\/p>\n<p>Pe site-ul oficial food.ec.europa.eu, Comisia ofer\u0103 o serie de preciz\u0103ri cu privire la decizia de a aproba \u00eenc\u0103 un aliment derivat din insecte \u2013 al patrulea \u2013 ca \u201dNovel Food\u201d (\u201eAliment Nou\u201d) ce va fi folosit ca ingredient alimentar \u00eentr-o serie de produse alimentare destinate popula\u021biei europene.<\/p>\n<p>Acest lucru s-a \u00eent\u00e2mplat deja cu o serie de insecte, cum ar fi l\u0103custa migratoare sau greierele de cas\u0103, iar legisla\u021bia care reglementeaz\u0103 a\u0219a-numitele \u201enoi alimente\u201d \u00eencearc\u0103 s\u0103 p\u0103streze echilibrul \u00eentre inova\u021bie \u0219i siguran\u021ba alimentar\u0103.<\/p>\n<p>Actualul regim de autorizare a reu\u0219it s\u0103 reduc\u0103 de dou\u0103 ori intervalul de timp necesar pentru ca \u201enoile alimente\u201d s\u0103 ajung\u0103 pe pia\u021ba UE prin compara\u021bie cu legisla\u021bia anterioar\u0103, conform Comisiei.<\/p>","protected":false},"excerpt":{"rendered":"<p>Conform regulamentului Comisiei Europene (CE), pudra tratat\u0103 cu UV din larve \u00eentregi de \u201eTenebrio molitor\u201d&hellip;<\/p>\n","protected":false},"author":0,"featured_media":29734,"comment_status":"open","ping_status":"open","sticky":false,"template":"","format":"standard","meta":{"footnotes":""},"categories":[2],"tags":[],"class_list":["post-29733","post","type-post","status-publish","format-standard","has-post-thumbnail","hentry","category-actual"],"_links":{"self":[{"href":"https:\/\/247stiri.ro\/index.php\/wp-json\/wp\/v2\/posts\/29733","targetHints":{"allow":["GET"]}}],"collection":[{"href":"https:\/\/247stiri.ro\/index.php\/wp-json\/wp\/v2\/posts"}],"about":[{"href":"https:\/\/247stiri.ro\/index.php\/wp-json\/wp\/v2\/types\/post"}],"replies":[{"embeddable":true,"href":"https:\/\/247stiri.ro\/index.php\/wp-json\/wp\/v2\/comments?post=29733"}],"version-history":[{"count":0,"href":"https:\/\/247stiri.ro\/index.php\/wp-json\/wp\/v2\/posts\/29733\/revisions"}],"wp:featuredmedia":[{"embeddable":true,"href":"https:\/\/247stiri.ro\/index.php\/wp-json\/wp\/v2\/media\/29734"}],"wp:attachment":[{"href":"https:\/\/247stiri.ro\/index.php\/wp-json\/wp\/v2\/media?parent=29733"}],"wp:term":[{"taxonomy":"category","embeddable":true,"href":"https:\/\/247stiri.ro\/index.php\/wp-json\/wp\/v2\/categories?post=29733"},{"taxonomy":"post_tag","embeddable":true,"href":"https:\/\/247stiri.ro\/index.php\/wp-json\/wp\/v2\/tags?post=29733"}],"curies":[{"name":"wp","href":"https:\/\/api.w.org\/{rel}","templated":true}]}}