{"id":29737,"date":"2025-02-06T17:44:59","date_gmt":"2025-02-06T17:44:59","guid":{"rendered":"https:\/\/247stiri.ro\/index.php\/2025\/02\/06\/incident-grav-in-maramures-un-barbat-de-65-de-ani-a-fost-gasit-ranit-in-propria-casa-in-30-ianuarie-niste-necunoscuti-au-intrat-peste-el-in-casa-si-au-furat-7-500-de-lei\/"},"modified":"2025-02-06T17:44:59","modified_gmt":"2025-02-06T17:44:59","slug":"incident-grav-in-maramures-un-barbat-de-65-de-ani-a-fost-gasit-ranit-in-propria-casa-in-30-ianuarie-niste-necunoscuti-au-intrat-peste-el-in-casa-si-au-furat-7-500-de-lei","status":"publish","type":"post","link":"https:\/\/247stiri.ro\/index.php\/2025\/02\/06\/incident-grav-in-maramures-un-barbat-de-65-de-ani-a-fost-gasit-ranit-in-propria-casa-in-30-ianuarie-niste-necunoscuti-au-intrat-peste-el-in-casa-si-au-furat-7-500-de-lei\/","title":{"rendered":"Incident grav \u00een Maramure\u0219. Un b\u0103rbat de 65 de ani a fost g\u0103sit r\u0103nit \u00een propria cas\u0103. \u00cen 30 ianuarie, ni\u0219te necunoscu\u021bi au intrat peste el \u00een cas\u0103 \u015fi au furat 7.500 de lei"},"content":{"rendered":"<p>\u201dAst\u0103zi, 6 februarie, \u00een jurul orei 13:00, \u00een urma unei sesiz\u0103ri privind un b\u0103rbat de 65 de ani care nu ar mai fi fost v\u0103zut, poli\u0163i\u015ftii din Moisei s-au deplasat de urgen\u0163\u0103 la imobilul unde cel \u00een cauz\u0103 locuie\u015fte. Acesta a fost g\u0103sit \u00een locuin\u0163\u0103, iar poli\u0163i\u015ftii au constatat c\u0103 prezenta leziuni corporale\u201d, a transmis, joi sear\u0103, IPJ Maramure\u015f.<\/p>\n<p>Sursa citar\u0103 a precizat c\u0103, din primele date \u015fi informa\u0163ii ob\u0163inute, a reie\u015fit faptul c\u0103 \u00een cursul nop\u0163ii de 30 ianuarie, persoane necunoscute ar fi p\u0103truns \u00een imobilul \u00een care locuie\u015fte \u015fi prin violen\u0163\u0103 i-ar fi sustras 7.500 de lei.<\/p>\n<p>\u201d\u00cen cauz\u0103 a fost \u00eentocmit dosar penal sub aspectul comitei infrac\u0163iunii de t\u00e2lh\u0103rie calificat\u0103. De asemenea a fost constituit\u0103 echip\u0103 complex\u0103 de cercetare, care desf\u0103\u015foar\u0103 verific\u0103ri \u00een vederea document\u0103rii faptei, identific\u0103rii autorilor \u015fi dispunerii m\u0103surilor legale\u201d, a mai transmis sursa citat\u0103.<\/p>","protected":false},"excerpt":{"rendered":"<p>\u201dAst\u0103zi, 6 februarie, \u00een jurul orei 13:00, \u00een urma unei sesiz\u0103ri privind un b\u0103rbat de&hellip;<\/p>\n","protected":false},"author":0,"featured_media":29738,"comment_status":"open","ping_status":"open","sticky":false,"template":"","format":"standard","meta":{"footnotes":""},"categories":[2],"tags":[],"class_list":["post-29737","post","type-post","status-publish","format-standard","has-post-thumbnail","hentry","category-actual"],"_links":{"self":[{"href":"https:\/\/247stiri.ro\/index.php\/wp-json\/wp\/v2\/posts\/29737","targetHints":{"allow":["GET"]}}],"collection":[{"href":"https:\/\/247stiri.ro\/index.php\/wp-json\/wp\/v2\/posts"}],"about":[{"href":"https:\/\/247stiri.ro\/index.php\/wp-json\/wp\/v2\/types\/post"}],"replies":[{"embeddable":true,"href":"https:\/\/247stiri.ro\/index.php\/wp-json\/wp\/v2\/comments?post=29737"}],"version-history":[{"count":0,"href":"https:\/\/247stiri.ro\/index.php\/wp-json\/wp\/v2\/posts\/29737\/revisions"}],"wp:featuredmedia":[{"embeddable":true,"href":"https:\/\/247stiri.ro\/index.php\/wp-json\/wp\/v2\/media\/29738"}],"wp:attachment":[{"href":"https:\/\/247stiri.ro\/index.php\/wp-json\/wp\/v2\/media?parent=29737"}],"wp:term":[{"taxonomy":"category","embeddable":true,"href":"https:\/\/247stiri.ro\/index.php\/wp-json\/wp\/v2\/categories?post=29737"},{"taxonomy":"post_tag","embeddable":true,"href":"https:\/\/247stiri.ro\/index.php\/wp-json\/wp\/v2\/tags?post=29737"}],"curies":[{"name":"wp","href":"https:\/\/api.w.org\/{rel}","templated":true}]}}