{"id":29747,"date":"2025-02-06T18:44:51","date_gmt":"2025-02-06T18:44:51","guid":{"rendered":"https:\/\/247stiri.ro\/index.php\/2025\/02\/06\/ianuarie-2025-a-fost-cea-mai-calda-luna-ianuarie-de-la-inceperea-masuratorilor-la-nivel-planetar\/"},"modified":"2025-02-06T18:44:51","modified_gmt":"2025-02-06T18:44:51","slug":"ianuarie-2025-a-fost-cea-mai-calda-luna-ianuarie-de-la-inceperea-masuratorilor-la-nivel-planetar","status":"publish","type":"post","link":"https:\/\/247stiri.ro\/index.php\/2025\/02\/06\/ianuarie-2025-a-fost-cea-mai-calda-luna-ianuarie-de-la-inceperea-masuratorilor-la-nivel-planetar\/","title":{"rendered":"Ianuarie 2025 a fost cea mai cald\u0103 lun\u0103 ianuarie de la \u00eenceperea m\u0103sur\u0103torilor, la nivel planetar"},"content":{"rendered":"<p>Oamenii de \u015ftiin\u0163\u0103 din Uniunea European\u0103 afirm\u0103 c\u0103 planeta a trecut prin cea mai cald\u0103 lun\u0103 ianuarie de la \u00eenceperea m\u0103sur\u0103torilor. Serviciul climatic Copernicus a comunicat c\u0103 temperatura medie a fost cu 1,75 grade Celsius mai mare dec\u00e2t cea din era preindustrial\u0103.\u00a0&#8222;Ianuarie 2025 este o alt\u0103 lun\u0103 surprinz\u0103toare, continu\u00e2nd temperaturile record \u00eenregistrate \u00een ultimii doi ani, \u00een pofida dezvolt\u0103rii condi\u021biilor La Nina \u00een Pacificul tropical \u0219i a efectului lor temporar de r\u0103cire asupra temperaturilor globale&#8221; opusul fenomenului El Nino, a declarat Samantha Burgess, director adjunct al Serviciului pentru schimb\u0103ri climatice (C3S) al Copernicus, informeaz\u0103 AFP.\u00a0Astfel, ianuarie 2025 este &#8222;a optsprezecea din ultimele nou\u0103sprezece luni \u00een care temperatura medie global\u0103 a aerului la suprafa\u021b\u0103 a dep\u0103\u0219it nivelul preindustrial cu mai mult de 1,5\u00b0C&#8221;, noteaz\u0103 Observatorul european.\u00a0Cantitatea gazelor cu efect de ser\u0103 din atmosfer\u0103 continu\u0103 s\u0103 creasc\u0103, iar \u00een aceste condi\u0163ii, cercet\u0103torii se a\u015fteapt\u0103 ca \u015fi temperaturile globale s\u0103 urce continuare.\u00a0<\/p>","protected":false},"excerpt":{"rendered":"<p>Oamenii de \u015ftiin\u0163\u0103 din Uniunea European\u0103 afirm\u0103 c\u0103 planeta a trecut prin cea mai cald\u0103&hellip;<\/p>\n","protected":false},"author":0,"featured_media":29748,"comment_status":"open","ping_status":"open","sticky":false,"template":"","format":"standard","meta":{"footnotes":""},"categories":[2],"tags":[],"class_list":["post-29747","post","type-post","status-publish","format-standard","has-post-thumbnail","hentry","category-actual"],"_links":{"self":[{"href":"https:\/\/247stiri.ro\/index.php\/wp-json\/wp\/v2\/posts\/29747","targetHints":{"allow":["GET"]}}],"collection":[{"href":"https:\/\/247stiri.ro\/index.php\/wp-json\/wp\/v2\/posts"}],"about":[{"href":"https:\/\/247stiri.ro\/index.php\/wp-json\/wp\/v2\/types\/post"}],"replies":[{"embeddable":true,"href":"https:\/\/247stiri.ro\/index.php\/wp-json\/wp\/v2\/comments?post=29747"}],"version-history":[{"count":0,"href":"https:\/\/247stiri.ro\/index.php\/wp-json\/wp\/v2\/posts\/29747\/revisions"}],"wp:featuredmedia":[{"embeddable":true,"href":"https:\/\/247stiri.ro\/index.php\/wp-json\/wp\/v2\/media\/29748"}],"wp:attachment":[{"href":"https:\/\/247stiri.ro\/index.php\/wp-json\/wp\/v2\/media?parent=29747"}],"wp:term":[{"taxonomy":"category","embeddable":true,"href":"https:\/\/247stiri.ro\/index.php\/wp-json\/wp\/v2\/categories?post=29747"},{"taxonomy":"post_tag","embeddable":true,"href":"https:\/\/247stiri.ro\/index.php\/wp-json\/wp\/v2\/tags?post=29747"}],"curies":[{"name":"wp","href":"https:\/\/api.w.org\/{rel}","templated":true}]}}