{"id":29749,"date":"2025-02-06T18:44:52","date_gmt":"2025-02-06T18:44:52","guid":{"rendered":"https:\/\/247stiri.ro\/index.php\/2025\/02\/06\/presedintele-aur-george-simion-comisia-de-la-venetia-a-cerut-o-intrevedere-cu-parlamentarii-aur-pe-tema-comasarii-si-fraudarii-alegerilor-dar-senatul-a-sabotat-intalnirea\/"},"modified":"2025-02-06T18:44:52","modified_gmt":"2025-02-06T18:44:52","slug":"presedintele-aur-george-simion-comisia-de-la-venetia-a-cerut-o-intrevedere-cu-parlamentarii-aur-pe-tema-comasarii-si-fraudarii-alegerilor-dar-senatul-a-sabotat-intalnirea","status":"publish","type":"post","link":"https:\/\/247stiri.ro\/index.php\/2025\/02\/06\/presedintele-aur-george-simion-comisia-de-la-venetia-a-cerut-o-intrevedere-cu-parlamentarii-aur-pe-tema-comasarii-si-fraudarii-alegerilor-dar-senatul-a-sabotat-intalnirea\/","title":{"rendered":"Pre\u0219edintele AUR, George Simion: Comisia de la Vene\u021bia a cerut o \u00eentrevedere cu parlamentarii AUR pe tema comas\u0103rii \u0219i fraud\u0103rii alegerilor, dar Senatul a sabotat \u00eent\u00e2lnirea!"},"content":{"rendered":"<p>Ultima dintr-o serie de m\u0103suri dictatoriale \u0219i abuzive datorate administra\u021biei Bolojan este sabotarea \u00eent\u00e2lnirii cu raportorii Comisiei de la Vene\u021bia, care au cerut ca pe data de 4 februarie la ora 16:00 s\u0103 aib\u0103 o discu\u021bie cu reprezentan\u021bii AUR pe tema ordonan\u021bei neconstitu\u021bionale de comasare a alegerilor europarlamentare cu cele locale.<\/p>\n<p>Anun\u021bul a fost primit de grupul AUR din Senat la dou\u0103 zile dup\u0103 ce \u00eent\u00e2lnirea ar fi trebuit s\u0103 aib\u0103 loc, adic\u0103 joi, 6 februarie.<\/p>\n<p>\u201cEroarea\u201d survine dup\u0103 ce, de dou\u0103 ori la r\u00e2nd, semn\u0103turile legitime ale opozi\u021biei pentru suspendarea pre\u0219edintelui Iohannis nu au fost supuse votului \u00een plenul reunit. De asemenea, pre\u0219edintele Senatului, Ilie Bolojan, refuz\u0103 un drept democratic al grupului AUR \u0219i al Opozi\u021biei parlamentare de a avea reprezentare \u00een structura de conducere administrativ\u0103 a institu\u021biei. AUR este al doilea partid votat de rom\u00e2ni \u0219i trebuie s\u0103 ocupe o func\u021bie de Secretar General Adjunct \u00een Senat.<\/p>\n<p>Solicit\u0103m reprezentan\u021bilor coali\u021biei PSD \u2013 PNL, care se afl\u0103 la conducerea Senatului \u0219i Camerei Deputa\u021bilor, s\u0103 \u00eenceteze cu ac\u021biunile de sabotaj \u00eempotriva opozi\u021biei \u0219i s\u0103 respecte prevederile constitu\u021bionale \u0219i regulamentele Parlamentului.<\/p>","protected":false},"excerpt":{"rendered":"<p>Ultima dintr-o serie de m\u0103suri dictatoriale \u0219i abuzive datorate administra\u021biei Bolojan este sabotarea \u00eent\u00e2lnirii cu&hellip;<\/p>\n","protected":false},"author":0,"featured_media":29750,"comment_status":"open","ping_status":"open","sticky":false,"template":"","format":"standard","meta":{"footnotes":""},"categories":[2],"tags":[],"class_list":["post-29749","post","type-post","status-publish","format-standard","has-post-thumbnail","hentry","category-actual"],"_links":{"self":[{"href":"https:\/\/247stiri.ro\/index.php\/wp-json\/wp\/v2\/posts\/29749","targetHints":{"allow":["GET"]}}],"collection":[{"href":"https:\/\/247stiri.ro\/index.php\/wp-json\/wp\/v2\/posts"}],"about":[{"href":"https:\/\/247stiri.ro\/index.php\/wp-json\/wp\/v2\/types\/post"}],"replies":[{"embeddable":true,"href":"https:\/\/247stiri.ro\/index.php\/wp-json\/wp\/v2\/comments?post=29749"}],"version-history":[{"count":0,"href":"https:\/\/247stiri.ro\/index.php\/wp-json\/wp\/v2\/posts\/29749\/revisions"}],"wp:featuredmedia":[{"embeddable":true,"href":"https:\/\/247stiri.ro\/index.php\/wp-json\/wp\/v2\/media\/29750"}],"wp:attachment":[{"href":"https:\/\/247stiri.ro\/index.php\/wp-json\/wp\/v2\/media?parent=29749"}],"wp:term":[{"taxonomy":"category","embeddable":true,"href":"https:\/\/247stiri.ro\/index.php\/wp-json\/wp\/v2\/categories?post=29749"},{"taxonomy":"post_tag","embeddable":true,"href":"https:\/\/247stiri.ro\/index.php\/wp-json\/wp\/v2\/tags?post=29749"}],"curies":[{"name":"wp","href":"https:\/\/api.w.org\/{rel}","templated":true}]}}