{"id":29764,"date":"2025-02-06T20:44:49","date_gmt":"2025-02-06T20:44:49","guid":{"rendered":"https:\/\/247stiri.ro\/index.php\/2025\/02\/06\/anca-alexandrescu-semnal-de-alarma-ce-se-ascunde-de-fapt-in-spatele-scandalului-cu-catuse-nordis-am-mai-vazut-povestile-astea-nu-ne-pacaliti\/"},"modified":"2025-02-06T20:44:49","modified_gmt":"2025-02-06T20:44:49","slug":"anca-alexandrescu-semnal-de-alarma-ce-se-ascunde-de-fapt-in-spatele-scandalului-cu-catuse-nordis-am-mai-vazut-povestile-astea-nu-ne-pacaliti","status":"publish","type":"post","link":"https:\/\/247stiri.ro\/index.php\/2025\/02\/06\/anca-alexandrescu-semnal-de-alarma-ce-se-ascunde-de-fapt-in-spatele-scandalului-cu-catuse-nordis-am-mai-vazut-povestile-astea-nu-ne-pacaliti\/","title":{"rendered":"Anca Alexandrescu, semnal de alarm\u0103: ce se ascunde, de fapt, \u00een spatele scandalului cu c\u0103tu\u0219e NORDIS? &#8222;Am mai v\u0103zut pove\u0219tile astea, nu ne p\u0103c\u0103li\u021bi!&#8221;"},"content":{"rendered":"<p>\u201eAm v\u0103zut ast\u0103zi ni\u0219te nevertebrate care au s\u0103rit s\u0103 comenteze despre faptul c\u0103 Laura Vicol a fost dus\u0103 cu salvarea ast\u0103zi pentru un control. Eu o s\u0103 continui ceea ce am f\u0103cut cu Elena Udrea \u0219i o s\u0103 apar, indiferent despre cine este vorba, \u00een fa\u021b\u0103 tuturor celor care sunt pl\u0103ti\u021bi de ONG-uri \u0219i ei comenteaz\u0103 despre toat\u0103 lumea. Habar nu am ce este adev\u0103rat \u0219i ce nu din ce apare \u00een spa\u021biul public din acele referate.<\/p>\n<p>Laura Vicol era programat\u0103 pentru opera\u021bie la inim\u0103. Oamenii care se duc la pu\u0219c\u0103rie nu sunt condamna\u021bi la moarte, nu \u00eenseamn\u0103 c\u0103 pentru satisfac\u021bia voastr\u0103, oamenii \u0103\u0219tia nu mai au voie s\u0103 se \u00eemboln\u0103veasc\u0103, nu mai au dreptul la tratament medical \u0219i la un tratament decent. Dac\u0103 au gre\u0219it \u0219i se duc acolo, trebuie s\u0103 fie trata\u021bi c\u0103 ni\u0219te oameni.<\/p>\n<p>Nu sunt condamna\u021bi la moarte \u0219i da, are o problema cu inim\u0103, lucru care se poate verific\u0103 foarte u\u0219or. Am \u00een\u021beles ura pe care v-o cultiv\u0103 unii s-o rev\u0103rsa\u021bi \u00een spa\u021biul public c\u0103 s\u0103 va c\u00e2\u0219tiga\u021bi b\u0103nu\u021bii pot s-o \u00een\u021beleg. Dar p\u00e2n\u0103 la urm\u0103 sunte\u021bi ditamai b\u0103rba\u021bii, a\u021bi g\u0103sit o femeie c\u0103 s\u0103 arunca\u021bi cu l\u0103turi \u00een ea. Da, o apar \u0219i \u00eemi asum toate \u00eenjur\u0103turile. A\u0219a cum mi-am asumat de-a lungul timpului \u0219i pentru al\u021bii.<\/p>\n<p>P\u00e2n\u0103 la urm\u0103 unde au fost serviciile secrete \u0219i autorit\u0103\u021bile statului? Doamna Vicol a fost deputat al Rom\u00e2niei, pre\u0219edinta comisiei juridice \u0219i \u00een preajma unor demnitari rom\u00e2ni. Dac\u0103 a f\u0103cut ni\u0219te lucruri a\u0219a \u00eengrozitoare, ce a\u021bi p\u0103zit? Eu \u0219tiu c\u0103 serviciile secrete au datoria s\u0103 previn\u0103 beneficiarii de informa\u021bii.<\/p>\n<p>A\u0219a cum l-a\u021bi \u00eengropat pe Traian B\u0103sescu cu fratele s\u0103u \u0219i cu ce s-a \u00eent\u00e2mplat, la fel face\u021bi acum \u0219i cu ceilal\u021bi. Deci, eu a\u0219 vedea c\u0103 to\u021bi \u0219efii de servicii secrete s\u0103 plece acas\u0103, pentru c\u0103 ei au asistat la devalorizarea \u021b\u0103rii, la omor\u00e2rea capitalului rom\u00e2nesc \u0219i la compromiterea unor personaje din statul rom\u00e2n. Aici sunt dou\u0103 explica\u021bii, ori serviciile s-au f\u0103cut c\u0103 nu v\u0103d, ori nu au informat, iar de\u021bin\u0103torii de informa\u021bii au ignorat aceste informa\u021bii.<\/p>\n<p>Ori cei care primesc informa\u021bii trebuie s\u0103 plece \u0219i ei, ori \u0103ia care au informat, dac\u0103 e adev\u0103rat ce se spune. O s\u0103 vedem la sf\u00e2r\u0219itul procesului. Cum era doamna Ana Maria P\u0103tru, au plimbat-o \u00een c\u0103tu\u0219e, s-au dus peste bunica ei, i-au luat copilul \u0219i la sf\u00e2r\u0219it achitat\u0103 pe toat\u0103 linia. Au fost sute de pagini de intercept\u0103ri \u00eentre ni\u0219te \u0219oferi de tir care nu aveau nicio leg\u0103tur\u0103 cu cauza respectiv\u0103.<\/p>\n<p>Scoaterea din context \u0219i darea unor informa\u021bii doar a\u0219a c\u0103 s\u0103 se creeze impresie \u0219i s\u0103 se distrag\u0103 aten\u021bie de la faptul c\u0103 alegerile \u00een Rom\u00e2nia au fost anulate, de la faptul c\u0103 s-a \u00eenc\u0103lcat constitu\u021bia, de la faptul c\u0103 avem un pre\u0219edinte ilegitim \u0219i c\u0103 trebuie s\u0103 se organizeze turul 2, am mai v\u0103zut pove\u0219tile astea, nu e o noutate, dar nu ne p\u0103c\u0103li\u021bi. Cine a gre\u0219it s\u0103 pl\u0103teasc\u0103.\u201d, a declarat Anca Alexandrescu \u00een cadrul emisiunii Culisele Statului Paralel.<\/p>\n<p>\u00a0<\/p>","protected":false},"excerpt":{"rendered":"<p>\u201eAm v\u0103zut ast\u0103zi ni\u0219te nevertebrate care au s\u0103rit s\u0103 comenteze despre faptul c\u0103 Laura Vicol&hellip;<\/p>\n","protected":false},"author":0,"featured_media":29765,"comment_status":"open","ping_status":"open","sticky":false,"template":"","format":"standard","meta":{"footnotes":""},"categories":[2],"tags":[],"class_list":["post-29764","post","type-post","status-publish","format-standard","has-post-thumbnail","hentry","category-actual"],"_links":{"self":[{"href":"https:\/\/247stiri.ro\/index.php\/wp-json\/wp\/v2\/posts\/29764","targetHints":{"allow":["GET"]}}],"collection":[{"href":"https:\/\/247stiri.ro\/index.php\/wp-json\/wp\/v2\/posts"}],"about":[{"href":"https:\/\/247stiri.ro\/index.php\/wp-json\/wp\/v2\/types\/post"}],"replies":[{"embeddable":true,"href":"https:\/\/247stiri.ro\/index.php\/wp-json\/wp\/v2\/comments?post=29764"}],"version-history":[{"count":0,"href":"https:\/\/247stiri.ro\/index.php\/wp-json\/wp\/v2\/posts\/29764\/revisions"}],"wp:featuredmedia":[{"embeddable":true,"href":"https:\/\/247stiri.ro\/index.php\/wp-json\/wp\/v2\/media\/29765"}],"wp:attachment":[{"href":"https:\/\/247stiri.ro\/index.php\/wp-json\/wp\/v2\/media?parent=29764"}],"wp:term":[{"taxonomy":"category","embeddable":true,"href":"https:\/\/247stiri.ro\/index.php\/wp-json\/wp\/v2\/categories?post=29764"},{"taxonomy":"post_tag","embeddable":true,"href":"https:\/\/247stiri.ro\/index.php\/wp-json\/wp\/v2\/tags?post=29764"}],"curies":[{"name":"wp","href":"https:\/\/api.w.org\/{rel}","templated":true}]}}