{"id":29766,"date":"2025-02-06T21:44:49","date_gmt":"2025-02-06T21:44:49","guid":{"rendered":"https:\/\/247stiri.ro\/index.php\/2025\/02\/06\/maia-sandu-nu-l-primeste-pe-ambasadorul-rusiei-ca-sa-si-prezinte-scrisorile-de-acreditare-nu-se-respecta-suveranitatea-si-integritatea-teritoriala-a-moldovei\/"},"modified":"2025-02-06T21:44:49","modified_gmt":"2025-02-06T21:44:49","slug":"maia-sandu-nu-l-primeste-pe-ambasadorul-rusiei-ca-sa-si-prezinte-scrisorile-de-acreditare-nu-se-respecta-suveranitatea-si-integritatea-teritoriala-a-moldovei","status":"publish","type":"post","link":"https:\/\/247stiri.ro\/index.php\/2025\/02\/06\/maia-sandu-nu-l-primeste-pe-ambasadorul-rusiei-ca-sa-si-prezinte-scrisorile-de-acreditare-nu-se-respecta-suveranitatea-si-integritatea-teritoriala-a-moldovei\/","title":{"rendered":"Maia Sandu nu-l prime\u0219te pe ambasadorul Rusiei ca s\u0103-\u0219i prezinte scrisorile de acreditare. \u201dNu se respect\u0103 suveranitatea \u0219i integritatea teritorial\u0103 a Moldovei\u201d"},"content":{"rendered":"<p>Conform deciziei Federa\u021biei Ruse, Oleg Ozerov a preluat conducerea Ambasadei Rusiei la Chi\u0219in\u0103u la \u00eenceputul lunii septembrie 2024, \u00eenlocuindu-l \u00een func\u021bie pe Oleg Vasne\u021bov, informeaz\u0103 site-ul Deschide.md la data de 6 februarie 2025.<\/p>\n<p>\u201dEl nu a fost \u00eenc\u0103 invitat s\u0103 \u00ee\u0219i transmit\u0103 scrisorile de acreditare. Acest lucru se datoreaz\u0103 comportamentului oficialilor de la Moscova, deoarece nu po\u021bi invita reprezentantul unei \u021b\u0103ri s\u0103 depun\u0103 scrisorile de acreditare atunci c\u00e2nd oficiali ru\u0219i afirm\u0103 c\u0103 statul Republica Moldova nu merit\u0103 s\u0103 existe sau fac declara\u021bii de acest tip. Este vorba despre atitudinea lipsit\u0103 de respect a Kremlinului fa\u021b\u0103 de Republica Moldova, despre faptul c\u0103 nu se respect\u0103 suveranitatea \u0219i integritatea teritorial\u0103 a acestei \u021b\u0103ri. Nu este un lucru nou, din p\u0103cate, \u0219i nici nu mai suntem surprin\u0219i. Este doar o continuare a acestei atitudini\u201d a declarat pre\u0219edinta Maia Sandu \u00een cadrul unei emisiuni de televiziune.<\/p>\n<p>\u0218efa de stat a Republicii Moldova a precizat c\u0103 nu are inten\u021bia s\u0103 refuze acreditarea ambasadorului rus dar c\u0103 va lua ulterior o decizie cu privire la momentul, modul \u0219i condi\u021biile \u00een care va avea loc evenimentul.<\/p>\n<p>\u00a0<\/p>","protected":false},"excerpt":{"rendered":"<p>Conform deciziei Federa\u021biei Ruse, Oleg Ozerov a preluat conducerea Ambasadei Rusiei la Chi\u0219in\u0103u la \u00eenceputul&hellip;<\/p>\n","protected":false},"author":0,"featured_media":29767,"comment_status":"open","ping_status":"open","sticky":false,"template":"","format":"standard","meta":{"footnotes":""},"categories":[2],"tags":[],"class_list":["post-29766","post","type-post","status-publish","format-standard","has-post-thumbnail","hentry","category-actual"],"_links":{"self":[{"href":"https:\/\/247stiri.ro\/index.php\/wp-json\/wp\/v2\/posts\/29766","targetHints":{"allow":["GET"]}}],"collection":[{"href":"https:\/\/247stiri.ro\/index.php\/wp-json\/wp\/v2\/posts"}],"about":[{"href":"https:\/\/247stiri.ro\/index.php\/wp-json\/wp\/v2\/types\/post"}],"replies":[{"embeddable":true,"href":"https:\/\/247stiri.ro\/index.php\/wp-json\/wp\/v2\/comments?post=29766"}],"version-history":[{"count":0,"href":"https:\/\/247stiri.ro\/index.php\/wp-json\/wp\/v2\/posts\/29766\/revisions"}],"wp:featuredmedia":[{"embeddable":true,"href":"https:\/\/247stiri.ro\/index.php\/wp-json\/wp\/v2\/media\/29767"}],"wp:attachment":[{"href":"https:\/\/247stiri.ro\/index.php\/wp-json\/wp\/v2\/media?parent=29766"}],"wp:term":[{"taxonomy":"category","embeddable":true,"href":"https:\/\/247stiri.ro\/index.php\/wp-json\/wp\/v2\/categories?post=29766"},{"taxonomy":"post_tag","embeddable":true,"href":"https:\/\/247stiri.ro\/index.php\/wp-json\/wp\/v2\/tags?post=29766"}],"curies":[{"name":"wp","href":"https:\/\/api.w.org\/{rel}","templated":true}]}}