{"id":29774,"date":"2025-02-06T22:44:49","date_gmt":"2025-02-06T22:44:49","guid":{"rendered":"https:\/\/247stiri.ro\/index.php\/2025\/02\/06\/ipj-sibiu-ii-cauta-pe-politistii-care-si-au-suspendat-activitatea-ca-sa-lupte-ca-mercenari-in-congo\/"},"modified":"2025-02-06T22:44:49","modified_gmt":"2025-02-06T22:44:49","slug":"ipj-sibiu-ii-cauta-pe-politistii-care-si-au-suspendat-activitatea-ca-sa-lupte-ca-mercenari-in-congo","status":"publish","type":"post","link":"https:\/\/247stiri.ro\/index.php\/2025\/02\/06\/ipj-sibiu-ii-cauta-pe-politistii-care-si-au-suspendat-activitatea-ca-sa-lupte-ca-mercenari-in-congo\/","title":{"rendered":"IPJ Sibiu \u00eei caut\u0103 pe poli\u021bi\u0219tii care \u0219i-au suspendat activitatea ca s\u0103 lupte ca mercenari \u00een Congo"},"content":{"rendered":"<p>\u201eFacem verific\u0103ri \u00een acest sens, \u00een momentul de fa\u021b\u0103. Au fost ceva semnale, tocmai de aceea facem \u0219i noi verific\u0103ri\u201d, a r\u0103spuns chestorul de poli\u021bie Tiberiu Ivancea, \u0219eful IPJ Sibiu, \u00een cadrul unei conferin\u021be de pres\u0103, citat de Turnul Sfatului.<\/p>\n<p>\u0218eful IPJ Sibiu arat\u0103 c\u0103 poli\u021bi\u0219tii sibieni care \u0219i-au luat concediu f\u0103r\u0103 plat\u0103, de exemplu, pentru a pleca s\u0103 lucreze \u00een Congo vor face subiectul unor cercet\u0103ri disciplinare, iar sanc\u021biunile vor fi aplicate gradual.<\/p>\n<p>\u201eMotivele suspend\u0103rii nu sunt pentru a pleca la munc\u0103 \u00een alt\u0103 pate. Sunt limitative situa\u021biile \u00een care poli\u021bi\u0219tii \u00ee\u0219i pot suspenda activitatea \u0219i acestea \u021bin de cauze medicale, de tratamente, de exemplu\u201d, a mai spus Ivancea.<\/p>\n<p>Conform datelor IPJ Sibiu, procentul de ocupare a func\u021biilor prev\u0103zute era, la 31 decembrie 2024, de 76%. Prin intermediul Serviciului de Preg\u0103tire Profesional\u0103, poli\u021bi\u0219tii sibieni au participat la 111 cursuri \u0219i stagii \u00een domeniul form\u0103rii profesionale continue, 13 \u0219edin\u021be unice de tragere cu armamentul \u0219i zece activit\u0103\u021bi de preg\u0103tire teoretic\u0103, respectiv m\u00e2nuirea armamentului, iar \u00een domeniul conducerii \u00een regim prioritar, poli\u021bi\u0219tii au participat la 30 de sesiuni de preg\u0103tire.<\/p>","protected":false},"excerpt":{"rendered":"<p>\u201eFacem verific\u0103ri \u00een acest sens, \u00een momentul de fa\u021b\u0103. Au fost ceva semnale, tocmai de&hellip;<\/p>\n","protected":false},"author":0,"featured_media":29775,"comment_status":"open","ping_status":"open","sticky":false,"template":"","format":"standard","meta":{"footnotes":""},"categories":[2],"tags":[],"class_list":["post-29774","post","type-post","status-publish","format-standard","has-post-thumbnail","hentry","category-actual"],"_links":{"self":[{"href":"https:\/\/247stiri.ro\/index.php\/wp-json\/wp\/v2\/posts\/29774","targetHints":{"allow":["GET"]}}],"collection":[{"href":"https:\/\/247stiri.ro\/index.php\/wp-json\/wp\/v2\/posts"}],"about":[{"href":"https:\/\/247stiri.ro\/index.php\/wp-json\/wp\/v2\/types\/post"}],"replies":[{"embeddable":true,"href":"https:\/\/247stiri.ro\/index.php\/wp-json\/wp\/v2\/comments?post=29774"}],"version-history":[{"count":0,"href":"https:\/\/247stiri.ro\/index.php\/wp-json\/wp\/v2\/posts\/29774\/revisions"}],"wp:featuredmedia":[{"embeddable":true,"href":"https:\/\/247stiri.ro\/index.php\/wp-json\/wp\/v2\/media\/29775"}],"wp:attachment":[{"href":"https:\/\/247stiri.ro\/index.php\/wp-json\/wp\/v2\/media?parent=29774"}],"wp:term":[{"taxonomy":"category","embeddable":true,"href":"https:\/\/247stiri.ro\/index.php\/wp-json\/wp\/v2\/categories?post=29774"},{"taxonomy":"post_tag","embeddable":true,"href":"https:\/\/247stiri.ro\/index.php\/wp-json\/wp\/v2\/tags?post=29774"}],"curies":[{"name":"wp","href":"https:\/\/api.w.org\/{rel}","templated":true}]}}