{"id":29782,"date":"2025-02-07T05:44:50","date_gmt":"2025-02-07T05:44:50","guid":{"rendered":"https:\/\/247stiri.ro\/index.php\/2025\/02\/07\/opozitia-face-o-noua-incercare-de-suspendare-a-lui-klaus-iohannis-peste-170-de-parlamentari-cer-plecarea-de-la-cotroceni-dar-puterea-face-scut\/"},"modified":"2025-02-07T05:44:50","modified_gmt":"2025-02-07T05:44:50","slug":"opozitia-face-o-noua-incercare-de-suspendare-a-lui-klaus-iohannis-peste-170-de-parlamentari-cer-plecarea-de-la-cotroceni-dar-puterea-face-scut","status":"publish","type":"post","link":"https:\/\/247stiri.ro\/index.php\/2025\/02\/07\/opozitia-face-o-noua-incercare-de-suspendare-a-lui-klaus-iohannis-peste-170-de-parlamentari-cer-plecarea-de-la-cotroceni-dar-puterea-face-scut\/","title":{"rendered":"Opozi\u021bia face o nou\u0103 \u00eencercare de suspendare a lui Klaus Iohannis: peste 170 de parlamentari cer plecarea de la Cotroceni, dar Puterea face scut"},"content":{"rendered":"<p>Partidele din coali\u021bie au f\u0103cut din nou scut \u00een jurul lui Klaus Iohannis \u0219i au respins pentru a doua oar\u0103 trimiterea la votul parlamentarilor a cererii de suspendare a lui Klaus Iohannis. Decizia a fost luat\u0103 \u00een \u0219edin\u021ba comun\u0103 a Birourilor Permanente \u0219i a fost marcat\u0103 de un scandal de propor\u021bii.<\/p>\n<p>&#8222;Noi am cerut s\u0103 vedem cine este pentru \u0219i cine este \u00eempotriv\u0103 \u0219i cine este cu ab\u021binere. Domnul Bolojan ne-a \u021binut vreo 20 de minute c\u0103 nu vrea \u0219i nu vrea. \u0218i nu \u00een\u021belegem de ce. Tot ei vin \u0219i ne spun c\u0103 noi suntem mici&#8221;, spune Anamaria Gavril\u0103, deputat POT.\u00a0<\/p>\n<p>Totu\u0219i, liderii opozi\u021biei anun\u021b\u0103 c\u0103 nu renun\u021b\u0103 la aceast\u0103 solicitare \u0219i au depus o nou\u0103 cerere de suspendare a lui Klaus Iohannis. 178 de parlamentari au semnat de data aceasta, printre ei \u0219i peste 20 de membri USR.<\/p>\n<p><a href=\"https:\/\/www.realitatea.net\/stiri\/actual\/partidele-de-la-putere-fac-scut-in-jurul-lui-iohannis-cum-lau-aparat-pe-presedintele-expirat-impotriva-cererii-de-suspendare-din-partea-suveranistilor_679e54b81b4333703a2bd5a2\" target=\"_blank\">Partidele de la putere fac scut \u00een jurul lui Iohannis. Cum l-au ap\u0103rat pe pre\u0219edintele expirat \u00eempotriva cererii de suspendare din partea suverani\u0219tilor<\/a><\/p>\n<p>&#8222;A treia depunere a actelor pentru suspendarea lui Iohannis. A\u0219a b\u0103taie de joc ca p\u00e2n\u0103 acum nu am v\u0103zut niciodat\u0103. Am venit cu un set nou de semn\u0103turi, sunt 178&#8221;, a spus George Simion, liderul AUR.<\/p>\n<p>&#8222;Am spus de nenum\u0103rate ori c\u0103, dac\u0103 procedura ajunge la vot, noi vom vota pentru suspendarea pre\u0219edintelui Iohannis, pe care \u00eel consider\u0103m un pre\u0219edinte care este ilegitim acolo. Are legalitatea de partea lui, prin decizia CCR, \u00eens\u0103 moral, ar trebui s\u0103 \u00ee\u0219i dea demisia&#8221;, spune deputatul USR Ionu\u021b Mo\u0219teanu.\u00a0<\/p>\n<p>&#8222;Eu cred \u00een Constitu\u021bie \u0219i \u00een democra\u021bie. Acum 35 de ani, au murit copii ca dvs. pentru a avea noi libertatea de exprimare \u0219i Constitu\u021bia de azi. Eu nu vreau s\u0103 \u00eemi bat joc de s\u00e2ngele lor v\u0103rsat, spune \u0219i deputatul SOS Dumitru Coarn\u0103.<\/p>\n<p><a href=\"https:\/\/www.realitatea.net\/stiri\/politica\/george-simion-cere-suspendarea-lui-iohannis-mesajul-transmis-de-la-tribuna-parlamentului-va-rog-sa-respectati-legile_67a1a903ab82506267272582\" target=\"_blank\">George Simion cere SUSPENDAREA lui Iohannis. Mesajul transmis de la tribuna Parlamentului: V\u0103 rog s\u0103 respecta\u021bi legile<\/a><\/p>\n<p>Klaus Iohannis nu pare, \u00eens\u0103, s\u0103 aib\u0103 emo\u021bii, av\u00e2nd \u00een vedere sprijinul partidelor din coali\u021bie. Mai mult, pre\u0219edintele ilegitim a declarat \u00een repetate r\u00e2nduri c\u0103 este acoperit de lege pentru a r\u0103m\u00e2ne la Cotroceni \u0219i nu \u00ee\u0219i propune s\u0103 \u00ee\u0219i dea demisia.<\/p>\n<p>&#8222;Eu nici nu pot s\u0103 plec. Cum s\u0103 plec dac\u0103 Constitu\u021bia \u00eemi spune c\u0103 trebuie s\u0103 stau? Nu este o alegere. S\u0103 plec prin demisie? Sigur, este posibil \u0219i acest lucru, dar nu a\u0219 face-o f\u0103r\u0103 o motiva\u021bie extrem, extrem de solid\u0103&#8221;, spune Iohannis.\u00a0<\/p>","protected":false},"excerpt":{"rendered":"<p>Partidele din coali\u021bie au f\u0103cut din nou scut \u00een jurul lui Klaus Iohannis \u0219i au&hellip;<\/p>\n","protected":false},"author":0,"featured_media":29783,"comment_status":"open","ping_status":"open","sticky":false,"template":"","format":"standard","meta":{"footnotes":""},"categories":[3],"tags":[],"class_list":["post-29782","post","type-post","status-publish","format-standard","has-post-thumbnail","hentry","category-politica"],"_links":{"self":[{"href":"https:\/\/247stiri.ro\/index.php\/wp-json\/wp\/v2\/posts\/29782","targetHints":{"allow":["GET"]}}],"collection":[{"href":"https:\/\/247stiri.ro\/index.php\/wp-json\/wp\/v2\/posts"}],"about":[{"href":"https:\/\/247stiri.ro\/index.php\/wp-json\/wp\/v2\/types\/post"}],"replies":[{"embeddable":true,"href":"https:\/\/247stiri.ro\/index.php\/wp-json\/wp\/v2\/comments?post=29782"}],"version-history":[{"count":0,"href":"https:\/\/247stiri.ro\/index.php\/wp-json\/wp\/v2\/posts\/29782\/revisions"}],"wp:featuredmedia":[{"embeddable":true,"href":"https:\/\/247stiri.ro\/index.php\/wp-json\/wp\/v2\/media\/29783"}],"wp:attachment":[{"href":"https:\/\/247stiri.ro\/index.php\/wp-json\/wp\/v2\/media?parent=29782"}],"wp:term":[{"taxonomy":"category","embeddable":true,"href":"https:\/\/247stiri.ro\/index.php\/wp-json\/wp\/v2\/categories?post=29782"},{"taxonomy":"post_tag","embeddable":true,"href":"https:\/\/247stiri.ro\/index.php\/wp-json\/wp\/v2\/tags?post=29782"}],"curies":[{"name":"wp","href":"https:\/\/api.w.org\/{rel}","templated":true}]}}