{"id":29798,"date":"2025-02-07T06:44:52","date_gmt":"2025-02-07T06:44:52","guid":{"rendered":"https:\/\/247stiri.ro\/index.php\/2025\/02\/07\/roman-disparut-acum-23-de-ani-gasit-in-spania-familia-ii-facuse-deja-pomenile\/"},"modified":"2025-02-07T06:44:52","modified_gmt":"2025-02-07T06:44:52","slug":"roman-disparut-acum-23-de-ani-gasit-in-spania-familia-ii-facuse-deja-pomenile","status":"publish","type":"post","link":"https:\/\/247stiri.ro\/index.php\/2025\/02\/07\/roman-disparut-acum-23-de-ani-gasit-in-spania-familia-ii-facuse-deja-pomenile\/","title":{"rendered":"Rom\u00e2n disp\u0103rut acum 23 de ani, g\u0103sit \u00een Spania. Familia \u00eei f\u0103cuse deja pomenile"},"content":{"rendered":"<p>Marcel, un b\u0103rbat din F\u0103g\u0103ra\u0219 \u00een v\u00e2rst\u0103 de 53 de ani, a decis, \u00een 2002, s\u0103 plece la munc\u0103 \u00een str\u0103in\u0103tate, \u00een Spania, pentru a oferi o via\u021b\u0103 mai bun\u0103 familiei sale, so\u021biei \u0219i cei doi copii. O perioad\u0103 a \u021binut leg\u0103tura telefonic cu rudele de acas\u0103, p\u00e2n\u0103 \u00eentr-o zi c\u00e2nd nu a mai dat niciun semn.<\/p>\n<p>Ani buni, familia nu a aflat nimic despre Marcel, \u00een ciuda demersurilor f\u0103cute \u0219i to\u021bi cei de acas\u0103 au crezut c\u0103 a murit.<\/p>\n<p>\u201eNoi suntem patru copii, trei fra\u021bi \u0219i eu. Eram foarte apropia\u021bi, am crescut \u00eempreun\u0103 uni\u021bi, ca degetele de la o m\u00e2n\u0103. Am vorbit cu ceilal\u021bi doi fra\u021bi ai no\u0219tri s\u0103 d\u0103m ceva de poman\u0103 pentru sufletul lui, c\u0103 sigur nu mai este \u00een via\u021b\u0103. Tat\u0103l meu zicea c\u0103 precis l-au omor\u00e2t. Vorbeam c\u0103 s\u0103racul de el l-or fi \u00eengropat ca pe un c\u00e2ine, pe o margine de drum. El a plecat \u00een Spania cu un job sigur, dar a fost prin mai multe ora\u0219e, a stat la mai multe adrese\u201d, a povestit, pentru cancan, sora lui Marcel, Ana Maria.<\/p>\n<p>\u00centre timp, p\u0103rin\u021bii lui Marcel s-au stins din via\u021b\u0103, la fel \u0219i so\u021bia lui, cu marea triste\u021be \u00een suflete de a nu fi aflat nimic despre b\u0103rbatul plecat prin str\u0103ini.<\/p>\n<p>Sora lui Marcel nu a abandonat c\u0103ut\u0103rile \u0219i eforturile ei au dat roade de cur\u00e2nd. A fost g\u0103sit cu ajutorul poli\u021biei. Spune c\u0103 fratele ei nu i-a recunoscut vocea la telefon \u0219i c\u0103 vorbe\u0219te acum stricat rom\u00e2ne\u0219te.<\/p>\n<p>Femeia are o explica\u021bie pentru dispari\u021bia misterioas\u0103 a fratelui ei, b\u0103nuie\u0219te c\u0103 ar fi avut probleme cu legea \u0219i i-a fost ru\u0219ine s\u0103 se confeseze familiei. Nu vrea \u00eens\u0103 s\u0103 for\u021beze lucrurile \u0219i c\u00e2nd va fi preg\u0103tit \u00eei va asculta povestea.<\/p>","protected":false},"excerpt":{"rendered":"<p>Marcel, un b\u0103rbat din F\u0103g\u0103ra\u0219 \u00een v\u00e2rst\u0103 de 53 de ani, a decis, \u00een 2002,&hellip;<\/p>\n","protected":false},"author":0,"featured_media":29799,"comment_status":"open","ping_status":"open","sticky":false,"template":"","format":"standard","meta":{"footnotes":""},"categories":[2],"tags":[],"class_list":["post-29798","post","type-post","status-publish","format-standard","has-post-thumbnail","hentry","category-actual"],"_links":{"self":[{"href":"https:\/\/247stiri.ro\/index.php\/wp-json\/wp\/v2\/posts\/29798","targetHints":{"allow":["GET"]}}],"collection":[{"href":"https:\/\/247stiri.ro\/index.php\/wp-json\/wp\/v2\/posts"}],"about":[{"href":"https:\/\/247stiri.ro\/index.php\/wp-json\/wp\/v2\/types\/post"}],"replies":[{"embeddable":true,"href":"https:\/\/247stiri.ro\/index.php\/wp-json\/wp\/v2\/comments?post=29798"}],"version-history":[{"count":0,"href":"https:\/\/247stiri.ro\/index.php\/wp-json\/wp\/v2\/posts\/29798\/revisions"}],"wp:featuredmedia":[{"embeddable":true,"href":"https:\/\/247stiri.ro\/index.php\/wp-json\/wp\/v2\/media\/29799"}],"wp:attachment":[{"href":"https:\/\/247stiri.ro\/index.php\/wp-json\/wp\/v2\/media?parent=29798"}],"wp:term":[{"taxonomy":"category","embeddable":true,"href":"https:\/\/247stiri.ro\/index.php\/wp-json\/wp\/v2\/categories?post=29798"},{"taxonomy":"post_tag","embeddable":true,"href":"https:\/\/247stiri.ro\/index.php\/wp-json\/wp\/v2\/tags?post=29798"}],"curies":[{"name":"wp","href":"https:\/\/api.w.org\/{rel}","templated":true}]}}