{"id":29833,"date":"2025-02-07T08:50:28","date_gmt":"2025-02-07T08:50:28","guid":{"rendered":"https:\/\/247stiri.ro\/index.php\/2025\/02\/07\/decizie-socanta-in-prahova-agresorii-care-au-snopit-in-bataie-doi-soti-sub-privirile-fiului-minor-cercetati-in-libertate-pe-motiv-ca-nu-reprezinta-un-pericol-foto\/"},"modified":"2025-02-07T08:50:28","modified_gmt":"2025-02-07T08:50:28","slug":"decizie-socanta-in-prahova-agresorii-care-au-snopit-in-bataie-doi-soti-sub-privirile-fiului-minor-cercetati-in-libertate-pe-motiv-ca-nu-reprezinta-un-pericol-foto","status":"publish","type":"post","link":"https:\/\/247stiri.ro\/index.php\/2025\/02\/07\/decizie-socanta-in-prahova-agresorii-care-au-snopit-in-bataie-doi-soti-sub-privirile-fiului-minor-cercetati-in-libertate-pe-motiv-ca-nu-reprezinta-un-pericol-foto\/","title":{"rendered":"Decizie \u0219ocant\u0103 \u00een Prahova. Agresorii care au snopit \u00een b\u0103taie doi so\u021bi, sub privirile fiului minor, cerceta\u021bi \u00een libertate, pe motiv c\u0103 nu reprezint\u0103 un pericol &#8211; FOTO"},"content":{"rendered":"<p>Scene de o violen\u021b\u0103 ie\u0219it\u0103 din comun s-au petrecut \u00een seara zilei de duminic\u0103, 2 februarie, \u00een localitatea Plopeni Sat din Prahova. Un b\u0103rbat \u0219i o femeie, so\u021b \u0219i so\u021bie, au fost snopi\u021bi \u00een b\u0103taie \u00een propria cas\u0103 \u0219i curte de doi vecini, scrie <a href=\"https:\/\/www.observatorulph.ro\/exclusiv\/2745718-prahoveni-batuti-in-casa-de-vecini-agresorii-sunt-liberi\" target=\"_blank\">Observatorul Prahovean.<\/a><\/p>\n\n<p>Agresiunea a avut loc sub ochii b\u0103iatului minor al victimelor, care a r\u0103mas traumatizat v\u0103z\u00e2ndu-\u0219i p\u0103rin\u021bii plini de s\u00e2nge \u0219i tumefia\u021bi. Mai mult, b\u0103rbatul a afirmat c\u0103 agresorii n-au manifestat mil\u0103 nici m\u0103car fa\u021b\u0103 de so\u021bia sa, lovind-o cu aceea\u0219i brutalitate.<\/p>\n<p>Scandalul a izbucnit de la faptul c\u0103 victima le-a repro\u0219at vecilor agresivi c\u0103 fiul acestora nu respect\u0103 orele de lini\u0219te \u0219i c\u00e2nt\u0103 la acordeon amplificat prin boxe chiar \u0219i seara t\u00e2rziu sau la primele ore ale dimine\u021bii.<\/p>\n<p>La fa\u021ba locului a fost solicitat\u0103 prezen\u021ba poli\u021biei, \u00eens\u0103 din cauza riscului ridicat oamenii legii au venit \u00eenso\u021bi\u021bi de masca\u021bii Serviciului de Ac\u021biuni Speciale. Cu toate acestea, dup\u0103 cele 24 de ore de re\u021binere, instan\u021ba de judecat\u0103 a apreciat c\u0103 agresorii nu sunt pericole sociale \u0219i au dispus cercetarea lor \u00een stare de libertatea, sub control judiciar, ignor\u00e2nd propunerea de arestare preventiv\u0103.<\/p>","protected":false},"excerpt":{"rendered":"<p>Scene de o violen\u021b\u0103 ie\u0219it\u0103 din comun s-au petrecut \u00een seara zilei de duminic\u0103, 2&hellip;<\/p>\n","protected":false},"author":0,"featured_media":29834,"comment_status":"open","ping_status":"open","sticky":false,"template":"","format":"standard","meta":{"footnotes":""},"categories":[2],"tags":[],"class_list":["post-29833","post","type-post","status-publish","format-standard","has-post-thumbnail","hentry","category-actual"],"_links":{"self":[{"href":"https:\/\/247stiri.ro\/index.php\/wp-json\/wp\/v2\/posts\/29833","targetHints":{"allow":["GET"]}}],"collection":[{"href":"https:\/\/247stiri.ro\/index.php\/wp-json\/wp\/v2\/posts"}],"about":[{"href":"https:\/\/247stiri.ro\/index.php\/wp-json\/wp\/v2\/types\/post"}],"replies":[{"embeddable":true,"href":"https:\/\/247stiri.ro\/index.php\/wp-json\/wp\/v2\/comments?post=29833"}],"version-history":[{"count":0,"href":"https:\/\/247stiri.ro\/index.php\/wp-json\/wp\/v2\/posts\/29833\/revisions"}],"wp:featuredmedia":[{"embeddable":true,"href":"https:\/\/247stiri.ro\/index.php\/wp-json\/wp\/v2\/media\/29834"}],"wp:attachment":[{"href":"https:\/\/247stiri.ro\/index.php\/wp-json\/wp\/v2\/media?parent=29833"}],"wp:term":[{"taxonomy":"category","embeddable":true,"href":"https:\/\/247stiri.ro\/index.php\/wp-json\/wp\/v2\/categories?post=29833"},{"taxonomy":"post_tag","embeddable":true,"href":"https:\/\/247stiri.ro\/index.php\/wp-json\/wp\/v2\/tags?post=29833"}],"curies":[{"name":"wp","href":"https:\/\/api.w.org\/{rel}","templated":true}]}}