{"id":29842,"date":"2025-02-07T08:50:30","date_gmt":"2025-02-07T08:50:30","guid":{"rendered":"https:\/\/247stiri.ro\/index.php\/2025\/02\/07\/achitare-definitiva-pentru-un-fost-sef-de-politie-coteanu-a-scapat-de-acuzatiile-privind-sustragerea-probelor\/"},"modified":"2025-02-07T08:50:30","modified_gmt":"2025-02-07T08:50:30","slug":"achitare-definitiva-pentru-un-fost-sef-de-politie-coteanu-a-scapat-de-acuzatiile-privind-sustragerea-probelor","status":"publish","type":"post","link":"https:\/\/247stiri.ro\/index.php\/2025\/02\/07\/achitare-definitiva-pentru-un-fost-sef-de-politie-coteanu-a-scapat-de-acuzatiile-privind-sustragerea-probelor\/","title":{"rendered":"Achitare definitiv\u0103 pentru un fost \u0219ef de poli\u021bie: Coteanu a sc\u0103pat de acuza\u021biile privind sustragerea probelor"},"content":{"rendered":"<p>Anterior, Judec\u0103toria Constan\u021ba \u00eel condamnase la nou\u0103 luni de \u00eenchisoare cu suspendare, \u00eens\u0103 hot\u0103r\u00e2rea a fost anulat\u0103 \u00een urma evalu\u0103rii complete a probelor.<\/p>\n<p>Acuza\u021biile aduse fostului comandant<\/p>\n<p>Potrivit anchetei, \u00een iulie 2019, \u00een perioada \u00een care conducea activitatea Poli\u021biei din Eforie, Coteanu ar fi re\u021binut un proces-verbal \u00eentocmit \u00een urma constat\u0103rii unui caz de conducere a unui moped f\u0103r\u0103 permis, conform ziarulamprenta.ro.<\/p>\n<p><a href=\"https:\/\/www.realitatea.net\/stiri\/justitie\/politist-din-tulcea-condamnat-la-inchisoare-pentru-coruptie-mita-primita-pentru-a-ajuta-mai-multe-persoane-sa-promove-examenul-auto_661d36f6e2f033530b4c2092\" target=\"_blank\">\u00a0Documentul \u00een cauz\u0103<\/a> nu a fost \u00eenregistrat oficial, fapt invocat de procurori ca dovad\u0103 a unei presupuse inten\u021bii de a \u00eempiedica tragerea la r\u0103spundere penal\u0103 a persoanei vizate. Aceast\u0103 acuza\u021bie, ini\u021bial sus\u021binut\u0103 prin declara\u021biile unui martor, a generat o serie de proceduri judiciare \u00eendelungate.<\/p>\n<p>Motivarea achit\u0103rii<\/p>\n<p>Curtea de Apel Constan\u021ba a constatat c\u0103, \u00een ansamblul probelor administrate \u00een faza de urm\u0103rire penal\u0103 \u0219i de judecat\u0103, nu s-a dovedit dincolo de orice \u00eendoial\u0103 existen\u021ba faptei sau implicarea direct\u0103 a fostului \u0219ef al Poli\u021biei Eforie. Instan\u021ba a eviden\u021biat faptul c\u0103 singura declara\u021bie care sus\u021binea acuza\u021bia \u2013 cea a martorului ce ar fi observat solicitarea de a preda procesul-verbal \u2013 nu a fost coroborat\u0103 de alte m\u0103rturii sau dovezi. Lipsa confirm\u0103rii din partea altor func\u021bionari prezen\u021bi \u00een unitate a generat \u00eendoieli rezonabile, care, potrivit principiului \u201ein dubio pro reo\u201d, au dus la concluzia de nevinov\u0103\u021bie.<\/p>\n<p>De asemenea, judec\u0103torii au remarcat c\u0103 explica\u021biile oferite de inculpat privind modul \u00een care s-a desf\u0103\u0219urat evenimentul nu au fost niciodat\u0103 contracarate \u00een mod punctual de c\u0103tre acuzare. Aceast\u0103 lips\u0103 de dovezi certe a f\u0103cut imposibil\u0103 sus\u021binerea, dincolo de orice \u00eendoial\u0103 rezonabil\u0103, a existen\u021bei faptelor ce i se imputau.<\/p>\n<p><a href=\"https:\/\/www.realitatea.net\/stiri\/actual\/politist-condamnat-pentru-ca-a-batut-un-om-care-a-reclamat-o-pana-de-curent-la-112-caz-revoltator-la-bihor_6593c5b7c3169114e2261e52\" target=\"_blank\">\u00cen absen\u021ba unor elemente de prob\u0103 consistente<\/a>, prezum\u021bia de nevinov\u0103\u021bie r\u0103m\u00e2ne garantul unui proces echitabil. Verdictul definitiv al instan\u021bei anuleaz\u0103, astfel, orice repercusiuni legale asupra fostului comandant, care este \u00een prezent pensionat.<\/p>\n<p>\u00a0<\/p>","protected":false},"excerpt":{"rendered":"<p>Anterior, Judec\u0103toria Constan\u021ba \u00eel condamnase la nou\u0103 luni de \u00eenchisoare cu suspendare, \u00eens\u0103 hot\u0103r\u00e2rea a&hellip;<\/p>\n","protected":false},"author":0,"featured_media":29843,"comment_status":"open","ping_status":"open","sticky":false,"template":"","format":"standard","meta":{"footnotes":""},"categories":[2],"tags":[],"class_list":["post-29842","post","type-post","status-publish","format-standard","has-post-thumbnail","hentry","category-actual"],"_links":{"self":[{"href":"https:\/\/247stiri.ro\/index.php\/wp-json\/wp\/v2\/posts\/29842","targetHints":{"allow":["GET"]}}],"collection":[{"href":"https:\/\/247stiri.ro\/index.php\/wp-json\/wp\/v2\/posts"}],"about":[{"href":"https:\/\/247stiri.ro\/index.php\/wp-json\/wp\/v2\/types\/post"}],"replies":[{"embeddable":true,"href":"https:\/\/247stiri.ro\/index.php\/wp-json\/wp\/v2\/comments?post=29842"}],"version-history":[{"count":0,"href":"https:\/\/247stiri.ro\/index.php\/wp-json\/wp\/v2\/posts\/29842\/revisions"}],"wp:featuredmedia":[{"embeddable":true,"href":"https:\/\/247stiri.ro\/index.php\/wp-json\/wp\/v2\/media\/29843"}],"wp:attachment":[{"href":"https:\/\/247stiri.ro\/index.php\/wp-json\/wp\/v2\/media?parent=29842"}],"wp:term":[{"taxonomy":"category","embeddable":true,"href":"https:\/\/247stiri.ro\/index.php\/wp-json\/wp\/v2\/categories?post=29842"},{"taxonomy":"post_tag","embeddable":true,"href":"https:\/\/247stiri.ro\/index.php\/wp-json\/wp\/v2\/tags?post=29842"}],"curies":[{"name":"wp","href":"https:\/\/api.w.org\/{rel}","templated":true}]}}