{"id":29854,"date":"2025-02-07T09:44:49","date_gmt":"2025-02-07T09:44:49","guid":{"rendered":"https:\/\/247stiri.ro\/index.php\/2025\/02\/07\/manuela-harabor-a-lansat-un-atac-dur-la-adresa-lui-klaus-iohannis-spp-ar-trebui-sa-i-intoarca-spatele-lui-iohannis\/"},"modified":"2025-02-07T09:44:49","modified_gmt":"2025-02-07T09:44:49","slug":"manuela-harabor-a-lansat-un-atac-dur-la-adresa-lui-klaus-iohannis-spp-ar-trebui-sa-i-intoarca-spatele-lui-iohannis","status":"publish","type":"post","link":"https:\/\/247stiri.ro\/index.php\/2025\/02\/07\/manuela-harabor-a-lansat-un-atac-dur-la-adresa-lui-klaus-iohannis-spp-ar-trebui-sa-i-intoarca-spatele-lui-iohannis\/","title":{"rendered":"Manuela H\u0103r\u0103bor a lansat un atac dur la adresa lui Klaus Iohannis: \u201eSPP ar trebui s\u0103-i \u00eentoarc\u0103 spatele lui Iohannis!\u201d"},"content":{"rendered":"<p>Artist\u0103: \u201eTrebuie s\u0103 facem un zid uman \u00een jurul Cotroceniului!\u201d<\/p>\n<p>\u201eEu \u00eei \u00eentreb pe membrii SPP: SPP a jurat credin\u021b\u0103 pre\u0219edintelui \u00een func\u021bie, din c\u00e2te \u0219tiu eu&#8230; Constitu\u021bia nu prevede un al 3-lea mandat, drept urmare, jur\u0103m\u00e2ntul SPP a expirat pe 20 decembrie. Ei ar fi primii care ar trebui s\u0103-i \u00eentoarc\u0103 spatele \u0219i s\u0103-l \u00eentrebe ce treab\u0103 are prin Palatul Cotroceni.\u00a0<\/p>\n<p>\u0218i de acolo pornind, poporul oricum este treaz, ar trebui s\u0103 facem un zid uman \u00een jurul Cotroceniului. Problema este c\u0103 el mai zboar\u0103 cu elicopterul \u0219i nu iese mereu pe poart\u0103.<\/p>\n<p>Lucrul \u0103sta c\u0103 nu vede \u0219i c\u0103 se d\u0103 el c\u0103 nu \u0219tie \u0219i, nu, vede foarte bine. E informat de oamenii din jurul lui, se d\u0103 pur \u0219i simplu nesim\u021bit.\u201d, <a href=\"https:\/\/www.realitatea.net\/stiri\/actual\/manuela-harabor-gest-de-solidaritate-pentru-realitatea-plus-vau-pus-pumnul-pe-gura-ca-ati-spus-adevarul_675c151fcfe0b21df41a05e3\" target=\"_blank\">a m\u0103rturisit actri\u021ba.\u00a0<\/a><\/p>","protected":false},"excerpt":{"rendered":"<p>Artist\u0103: \u201eTrebuie s\u0103 facem un zid uman \u00een jurul Cotroceniului!\u201d \u201eEu \u00eei \u00eentreb pe membrii&hellip;<\/p>\n","protected":false},"author":0,"featured_media":29855,"comment_status":"open","ping_status":"open","sticky":false,"template":"","format":"standard","meta":{"footnotes":""},"categories":[2],"tags":[],"class_list":["post-29854","post","type-post","status-publish","format-standard","has-post-thumbnail","hentry","category-actual"],"_links":{"self":[{"href":"https:\/\/247stiri.ro\/index.php\/wp-json\/wp\/v2\/posts\/29854","targetHints":{"allow":["GET"]}}],"collection":[{"href":"https:\/\/247stiri.ro\/index.php\/wp-json\/wp\/v2\/posts"}],"about":[{"href":"https:\/\/247stiri.ro\/index.php\/wp-json\/wp\/v2\/types\/post"}],"replies":[{"embeddable":true,"href":"https:\/\/247stiri.ro\/index.php\/wp-json\/wp\/v2\/comments?post=29854"}],"version-history":[{"count":0,"href":"https:\/\/247stiri.ro\/index.php\/wp-json\/wp\/v2\/posts\/29854\/revisions"}],"wp:featuredmedia":[{"embeddable":true,"href":"https:\/\/247stiri.ro\/index.php\/wp-json\/wp\/v2\/media\/29855"}],"wp:attachment":[{"href":"https:\/\/247stiri.ro\/index.php\/wp-json\/wp\/v2\/media?parent=29854"}],"wp:term":[{"taxonomy":"category","embeddable":true,"href":"https:\/\/247stiri.ro\/index.php\/wp-json\/wp\/v2\/categories?post=29854"},{"taxonomy":"post_tag","embeddable":true,"href":"https:\/\/247stiri.ro\/index.php\/wp-json\/wp\/v2\/tags?post=29854"}],"curies":[{"name":"wp","href":"https:\/\/api.w.org\/{rel}","templated":true}]}}