{"id":29860,"date":"2025-02-07T09:44:50","date_gmt":"2025-02-07T09:44:50","guid":{"rendered":"https:\/\/247stiri.ro\/index.php\/2025\/02\/07\/ministrul-mediului-a-respins-planul-de-reorganizare-a-romsilva-sa-plece-acasa-toti-cei-care-au-asistat-pasiv-la-declin-cer-demisia-directorilor\/"},"modified":"2025-02-07T09:44:50","modified_gmt":"2025-02-07T09:44:50","slug":"ministrul-mediului-a-respins-planul-de-reorganizare-a-romsilva-sa-plece-acasa-toti-cei-care-au-asistat-pasiv-la-declin-cer-demisia-directorilor","status":"publish","type":"post","link":"https:\/\/247stiri.ro\/index.php\/2025\/02\/07\/ministrul-mediului-a-respins-planul-de-reorganizare-a-romsilva-sa-plece-acasa-toti-cei-care-au-asistat-pasiv-la-declin-cer-demisia-directorilor\/","title":{"rendered":"Ministrul Mediului a respins planul de reorganizare a Romsilva. \u201dS\u0103 plece acas\u0103 to\u0163i cei care au asistat pasiv la declin. Cer demisia directorilor\u201d"},"content":{"rendered":"<p>Mircea Fechet a subliniat c\u0103 trebuie s\u0103 s\u0103 plece to\u021bi cei care au asistat, ani la r\u00e2nd, la declinul Regiei Na\u0163ionale a P\u0103durilor \u015fi a cerut demisia mai multor directori.\u00a0<\/p>\n<p>\u201dExist\u0103 o singur\u0103 metod\u0103 prin care \u00eens\u0103n\u0103to\u0219im Romsilva: s\u0103 plece acas\u0103 to\u021bi cei care au avut decizia \u00een m\u00e2inile lor, dar au asistat pasiv, ani la r\u00e2nd, la declinul Regiei Na\u021bionale a P\u0103durilor! Cer public demisia directorilor de la Departamentele Economic, Fond Forestier, Investi\u021bii \u0219i Comercial! De asemenea, m\u0103 a\u0219tept ca to\u021bi directorii de la Direc\u021biile Silvice \u00een dreptul c\u0103rora s-au acumulat \u00een ultimii ani minusuri \u00een loc de plusvaloare adus\u0103 Regiei, s\u0103 \u00ee\u0219i scrie demisiile \u0219i s\u0103 le \u00eenainteze conducerii \u00een cel mai scurt timp\u201d, a scris Mircea Fechet pe pagina sa de Facebook.<\/p>\n\n<p>Ministrul Mediului a \u021binut s\u0103 precizeze faptul c\u0103 \u201dreorganizarea <a href=\"https:\/\/www.realitatea.net\/stiri\/actual\/mircea-fechet-nu-vor-mai-exista-directori-pusi-pe-viata-la-romsilva-vor-avea-maxim-doua-mandate-vor-da-examen-la-fiecare-cinci-ani_679a2093793f0078a81c5bdd\" target=\"_blank\">Romsilva<\/a> \u00eencepe de sus \u00een jos!\u201d<\/p>\n<p>\u201dAcesta este \u015fi unul dintre motivele pentru care am respins propunerea pe care am primit-o din partea conducerii Regiei, c\u0103reia i-a luat o s\u0103pt\u0103m\u00e2n\u0103 s\u0103 schi\u0163eze un plan de redresare mult mai pu\u0163in ambi\u0163ios dec\u00e2t ce are nevoie acum Romsilva. Un plan prin care, p\u00e2n\u0103 la sf\u00e2r\u015fitul anului, 1.200 persoane \u015fi-ar pierde locurile de munc\u0103, dintre care mai bine de jum\u0103tate ar fi p\u0103durari, \u015fi care a luat \u00een calcul inclusiv t\u0103ierea unor posturi vacante\u201d, a mai spus Fechet.\u00a0<\/p>\n<p>Mai mult, oficialul a transmis c\u0103 astfel de m\u0103suri nu salveaz\u0103 Regia, ci prelungesc momentul p\u00e2n\u0103 se atinge pragul dezastrului.<\/p>\n<p>\u201dNu am acceptat propunerea Regiei pentru c\u0103 nu respect\u0103 niciunul dintre principiile pe care le-am anun\u0163at \u015fi care sunt pilonii de baz\u0103 pe care vreau s\u0103 a\u015fez\u0103m noua structur\u0103 pe care o creion\u0103m la Romsilva: eficien\u0163\u0103, respect pentru munca oamenilor din teren, care \u0163in institu\u0163ia \u00een picioare, plusvaloare! Voi veni cu un plan curajos, prin care s\u0103 aplic\u0103m formula managementului performant tuturor direc\u0163iilor silvice, pentru c\u0103 \u015ftiu c\u0103 acest lucru este posibil, iar eu sunt convins c\u0103 solu\u0163iile pe care le-au g\u0103sit directorii de Direc\u0163ii Silvice pe plus, cu care am avut o discu\u0163ie foarte bun\u0103 azi, vor da rezultate\u201d, a transmis ministrul Mediului.<\/p>\n<p>De asemenea, \u0219eful de la Mediu a men\u021bionat c\u0103 \u201dRomsilva are nevoie de o reform\u0103 profund\u0103, nu de m\u0103suri superficiale\u201d.<\/p>\n<p>\u201dCe \u00eemi doresc este s\u0103 sprijinim \u015fi s\u0103 \u00eembun\u0103t\u0103\u0163im activitatea p\u0103durarilor, nu s\u0103 le punem be\u0163e \u00een roate, nu s\u0103 le punem securea deasupra capului. Nu voi \u00eent\u00e2rzia \u00een a corecta dezechilibrele legislative care au permis situa\u0163ii inexplicabile, care sfideaz\u0103 bunul-sim\u0163. Lucr\u0103m la modificarea Statutului Personalului Silvic, care elimin\u0103 definitiv privilegiile. De asemenea, creion\u0103m Hot\u0103r\u00e2rea de Guvern care transform\u0103 \u00een liter\u0103 de lege principiile pe care le-am anun\u0163at pentru noua structur\u0103 a Romsilva. Nu dau \u00eenapoi niciun milimetru de la ce mi-am asumat, pentru c\u0103 Regia \u015fi Direc\u0163iile Silvice trebuie conduse de profesioni\u015fti, de oameni care au ar\u0103tat c\u0103 \u015ftiu ce au de f\u0103cut. \u015ei nu m\u0103 voi opri p\u00e2n\u0103 nu m\u0103 asigur c\u0103 p\u0103durile noastre au un aliat de n\u0103dejde \u00een Romsilva\u201d, a conchis ministrul Mircea Fechet.<\/p>","protected":false},"excerpt":{"rendered":"<p>Mircea Fechet a subliniat c\u0103 trebuie s\u0103 s\u0103 plece to\u021bi cei care au asistat, ani&hellip;<\/p>\n","protected":false},"author":0,"featured_media":29853,"comment_status":"open","ping_status":"open","sticky":false,"template":"","format":"standard","meta":{"footnotes":""},"categories":[2],"tags":[],"class_list":["post-29860","post","type-post","status-publish","format-standard","has-post-thumbnail","hentry","category-actual"],"_links":{"self":[{"href":"https:\/\/247stiri.ro\/index.php\/wp-json\/wp\/v2\/posts\/29860","targetHints":{"allow":["GET"]}}],"collection":[{"href":"https:\/\/247stiri.ro\/index.php\/wp-json\/wp\/v2\/posts"}],"about":[{"href":"https:\/\/247stiri.ro\/index.php\/wp-json\/wp\/v2\/types\/post"}],"replies":[{"embeddable":true,"href":"https:\/\/247stiri.ro\/index.php\/wp-json\/wp\/v2\/comments?post=29860"}],"version-history":[{"count":0,"href":"https:\/\/247stiri.ro\/index.php\/wp-json\/wp\/v2\/posts\/29860\/revisions"}],"wp:featuredmedia":[{"embeddable":true,"href":"https:\/\/247stiri.ro\/index.php\/wp-json\/wp\/v2\/media\/29853"}],"wp:attachment":[{"href":"https:\/\/247stiri.ro\/index.php\/wp-json\/wp\/v2\/media?parent=29860"}],"wp:term":[{"taxonomy":"category","embeddable":true,"href":"https:\/\/247stiri.ro\/index.php\/wp-json\/wp\/v2\/categories?post=29860"},{"taxonomy":"post_tag","embeddable":true,"href":"https:\/\/247stiri.ro\/index.php\/wp-json\/wp\/v2\/tags?post=29860"}],"curies":[{"name":"wp","href":"https:\/\/api.w.org\/{rel}","templated":true}]}}